{"id":606,"date":"2026-03-09T10:47:50","date_gmt":"2026-03-09T09:47:50","guid":{"rendered":"https:\/\/etetak.org\/le-forage-detetak-remis-en-service-apres-le-remplacement-de-la-pompe\/"},"modified":"2026-03-09T10:47:50","modified_gmt":"2026-03-09T09:47:50","slug":"le-forage-detetak-remis-en-service-apres-le-remplacement-de-la-pompe","status":"publish","type":"post","link":"https:\/\/etetak.org\/fr\/le-forage-detetak-remis-en-service-apres-le-remplacement-de-la-pompe\/","title":{"rendered":"Le forage d\u2019Etetak remis en service apr\u00e8s le remplacement de la pompe"},"content":{"rendered":"<p>Le forage du quartier Etetak, \u00e0 Yaound\u00e9, a \u00e9t\u00e9 remis en service ce samedi 7 mars 2026, apr\u00e8s le remplacement de sa moto-pompe, endommag\u00e9e \u00e0 la suite d\u2019une forte utilisation li\u00e9e \u00e0 la saison s\u00e8che. La baisse du niveau des eaux souterraines et la diminution du d\u00e9bit du forage avaient entra\u00een\u00e9 une sollicitation accrue de l\u2019installation par les habitants en qu\u00eate d\u2019eau potable.<\/p>\n<p>Face \u00e0 la panne, une concertation rapide a \u00e9t\u00e9 engag\u00e9e entre le coordinateur local du projet, William Mbianda, et Pere Bufi, repr\u00e9sentant en Catalogne de l\u2019association Educaci\u00f3 Sanitat Etetak. L\u2019intervention a permis le remplacement de la pompe et la reprise du service.<\/p>\n<p>Les responsables du projet indiquent que le forage devrait retrouver dans les prochains jours un fonctionnement normal, afin d\u2019assurer \u00e0 nouveau une desserte r\u00e9guli\u00e8re en eau potable au b\u00e9n\u00e9fice des populations du quartier Etetak.<\/p>\n<p>Fran\u00e7ois Urbain LEUGA MOUMI<\/p>\n<p>&nbsp;<\/p>\n\n\t\t<style type=\"text\/css\">\n\t\t\t#gallery-1 {\n\t\t\t\tmargin: auto;\n\t\t\t}\n\t\t\t#gallery-1 .gallery-item {\n\t\t\t\tfloat: left;\n\t\t\t\tmargin-top: 10px;\n\t\t\t\ttext-align: center;\n\t\t\t\twidth: 33%;\n\t\t\t}\n\t\t\t#gallery-1 img {\n\t\t\t\tborder: 2px solid #cfcfcf;\n\t\t\t}\n\t\t\t#gallery-1 .gallery-caption {\n\t\t\t\tmargin-left: 0;\n\t\t\t}\n\t\t\t\/* see gallery_shortcode() in wp-includes\/media.php *\/\n\t\t<\/style>\n\t\t<div id='gallery-1' class='gallery galleryid-606 gallery-columns-3 gallery-size-thumbnail'><dl class='gallery-item'>\n\t\t\t<dt class='gallery-icon portrait'>\n\t\t\t\t<a href='https:\/\/etetak.org\/fr\/le-forage-detetak-remis-en-service-apres-le-remplacement-de-la-pompe\/whatsapp-image-2026-03-08-at-00-06-41-2\/'><img loading=\"lazy\" decoding=\"async\" width=\"150\" height=\"150\" src=\"https:\/\/etetak.org\/wp-content\/uploads\/2026\/03\/WhatsApp-Image-2026-03-08-at-00.06.41-150x150.jpeg\" class=\"attachment-thumbnail size-thumbnail\" alt=\"\" srcset=\"https:\/\/etetak.org\/wp-content\/uploads\/2026\/03\/WhatsApp-Image-2026-03-08-at-00.06.41-150x150.jpeg 150w, https:\/\/etetak.org\/wp-content\/uploads\/2026\/03\/WhatsApp-Image-2026-03-08-at-00.06.41-570x570.jpeg 570w, https:\/\/etetak.org\/wp-content\/uploads\/2026\/03\/WhatsApp-Image-2026-03-08-at-00.06.41-500x500.jpeg 500w, https:\/\/etetak.org\/wp-content\/uploads\/2026\/03\/WhatsApp-Image-2026-03-08-at-00.06.41-650x650.jpeg 650w\" sizes=\"auto, (max-width: 150px) 100vw, 150px\" \/><\/a>\n\t\t\t<\/dt><\/dl><dl class='gallery-item'>\n\t\t\t<dt class='gallery-icon portrait'>\n\t\t\t\t<a href='https:\/\/etetak.org\/fr\/le-forage-detetak-remis-en-service-apres-le-remplacement-de-la-pompe\/whatsapp-image-2026-03-08-at-00-06-41-2-2\/'><img loading=\"lazy\" decoding=\"async\" width=\"150\" height=\"150\" src=\"https:\/\/etetak.org\/wp-content\/uploads\/2026\/03\/WhatsApp-Image-2026-03-08-at-00.06.41-2-150x150.jpeg\" class=\"attachment-thumbnail size-thumbnail\" alt=\"\" srcset=\"https:\/\/etetak.org\/wp-content\/uploads\/2026\/03\/WhatsApp-Image-2026-03-08-at-00.06.41-2-150x150.jpeg 150w, https:\/\/etetak.org\/wp-content\/uploads\/2026\/03\/WhatsApp-Image-2026-03-08-at-00.06.41-2-570x570.jpeg 570w, https:\/\/etetak.org\/wp-content\/uploads\/2026\/03\/WhatsApp-Image-2026-03-08-at-00.06.41-2-500x500.jpeg 500w, https:\/\/etetak.org\/wp-content\/uploads\/2026\/03\/WhatsApp-Image-2026-03-08-at-00.06.41-2-650x650.jpeg 650w\" sizes=\"auto, (max-width: 150px) 100vw, 150px\" \/><\/a>\n\t\t\t<\/dt><\/dl><dl class='gallery-item'>\n\t\t\t<dt class='gallery-icon portrait'>\n\t\t\t\t<a href='https:\/\/etetak.org\/fr\/le-forage-detetak-remis-en-service-apres-le-remplacement-de-la-pompe\/whatsapp-image-2026-03-08-at-00-06-41-1-2\/'><img loading=\"lazy\" decoding=\"async\" width=\"150\" height=\"150\" src=\"https:\/\/etetak.org\/wp-content\/uploads\/2026\/03\/WhatsApp-Image-2026-03-08-at-00.06.41-1-150x150.jpeg\" class=\"attachment-thumbnail size-thumbnail\" alt=\"\" srcset=\"https:\/\/etetak.org\/wp-content\/uploads\/2026\/03\/WhatsApp-Image-2026-03-08-at-00.06.41-1-150x150.jpeg 150w, https:\/\/etetak.org\/wp-content\/uploads\/2026\/03\/WhatsApp-Image-2026-03-08-at-00.06.41-1-570x570.jpeg 570w, https:\/\/etetak.org\/wp-content\/uploads\/2026\/03\/WhatsApp-Image-2026-03-08-at-00.06.41-1-500x500.jpeg 500w, https:\/\/etetak.org\/wp-content\/uploads\/2026\/03\/WhatsApp-Image-2026-03-08-at-00.06.41-1-650x650.jpeg 650w\" sizes=\"auto, (max-width: 150px) 100vw, 150px\" \/><\/a>\n\t\t\t<\/dt><\/dl><br style=\"clear: both\" \/><dl class='gallery-item'>\n\t\t\t<dt class='gallery-icon portrait'>\n\t\t\t\t<a href='https:\/\/etetak.org\/fr\/le-forage-detetak-remis-en-service-apres-le-remplacement-de-la-pompe\/whatsapp-image-2026-03-08-at-00-06-42-2\/'><img loading=\"lazy\" decoding=\"async\" width=\"150\" height=\"150\" src=\"https:\/\/etetak.org\/wp-content\/uploads\/2026\/03\/WhatsApp-Image-2026-03-08-at-00.06.42-150x150.jpeg\" class=\"attachment-thumbnail size-thumbnail\" alt=\"\" srcset=\"https:\/\/etetak.org\/wp-content\/uploads\/2026\/03\/WhatsApp-Image-2026-03-08-at-00.06.42-150x150.jpeg 150w, https:\/\/etetak.org\/wp-content\/uploads\/2026\/03\/WhatsApp-Image-2026-03-08-at-00.06.42-570x570.jpeg 570w, https:\/\/etetak.org\/wp-content\/uploads\/2026\/03\/WhatsApp-Image-2026-03-08-at-00.06.42-500x500.jpeg 500w, https:\/\/etetak.org\/wp-content\/uploads\/2026\/03\/WhatsApp-Image-2026-03-08-at-00.06.42-650x650.jpeg 650w\" sizes=\"auto, (max-width: 150px) 100vw, 150px\" \/><\/a>\n\t\t\t<\/dt><\/dl>\n\t\t\t<br style='clear: both' \/>\n\t\t<\/div>\n\n","protected":false},"excerpt":{"rendered":"<p>Le forage du quartier Etetak, \u00e0 Yaound\u00e9, a \u00e9t\u00e9 remis en service ce samedi 7 mars 2026, apr\u00e8s le remplacement de sa moto-pompe, endommag\u00e9e \u00e0 la suite d\u2019une forte utilisation li\u00e9e \u00e0 la saison s\u00e8che. La baisse du niveau des eaux souterraines et la diminution&#8230;<\/p>\n","protected":false},"author":6,"featured_media":602,"comment_status":"closed","ping_status":"open","sticky":false,"template":"","format":"standard","meta":{"footnotes":""},"categories":[35],"tags":[],"class_list":["post-606","post","type-post","status-publish","format-standard","has-post-thumbnail","hentry","category-sante"],"yoast_head":"<!-- This site is optimized with the Yoast SEO plugin v27.4 - https:\/\/yoast.com\/product\/yoast-seo-wordpress\/ -->\n<title>Le forage d\u2019Etetak remis en service apr\u00e8s le remplacement de la pompe - etetak.org<\/title>\n<meta name=\"robots\" content=\"index, follow, max-snippet:-1, max-image-preview:large, max-video-preview:-1\" \/>\n<link rel=\"canonical\" href=\"https:\/\/etetak.org\/fr\/le-forage-detetak-remis-en-service-apres-le-remplacement-de-la-pompe\/\" \/>\n<meta property=\"og:locale\" content=\"fr_FR\" \/>\n<meta property=\"og:type\" content=\"article\" \/>\n<meta property=\"og:title\" content=\"Le forage d\u2019Etetak remis en service apr\u00e8s le remplacement de la pompe - etetak.org\" \/>\n<meta property=\"og:description\" content=\"Le forage du quartier Etetak, \u00e0 Yaound\u00e9, a \u00e9t\u00e9 remis en service ce samedi 7 mars 2026, apr\u00e8s le remplacement de sa moto-pompe, endommag\u00e9e \u00e0 la suite d\u2019une forte utilisation li\u00e9e \u00e0 la saison s\u00e8che. La baisse du niveau des eaux souterraines et la diminution...\" \/>\n<meta property=\"og:url\" content=\"https:\/\/etetak.org\/fr\/le-forage-detetak-remis-en-service-apres-le-remplacement-de-la-pompe\/\" \/>\n<meta property=\"og:site_name\" content=\"etetak.org\" \/>\n<meta property=\"article:publisher\" content=\"https:\/\/www.facebook.com\/etetak.org\" \/>\n<meta property=\"article:published_time\" content=\"2026-03-09T09:47:50+00:00\" \/>\n<meta property=\"og:image\" content=\"https:\/\/etetak.org\/wp-content\/uploads\/2026\/03\/WhatsApp-Image-2026-03-08-at-00.06.41-3.jpeg\" \/>\n\t<meta property=\"og:image:width\" content=\"720\" \/>\n\t<meta property=\"og:image:height\" content=\"727\" \/>\n\t<meta property=\"og:image:type\" content=\"image\/jpeg\" \/>\n<meta name=\"author\" content=\"tecnic1\" \/>\n<meta name=\"twitter:card\" content=\"summary_large_image\" \/>\n<script type=\"application\/ld+json\" class=\"yoast-schema-graph\">{\"@context\":\"https:\\\/\\\/schema.org\",\"@graph\":[{\"@type\":\"Article\",\"@id\":\"https:\\\/\\\/etetak.org\\\/fr\\\/le-forage-detetak-remis-en-service-apres-le-remplacement-de-la-pompe\\\/#article\",\"isPartOf\":{\"@id\":\"https:\\\/\\\/etetak.org\\\/fr\\\/le-forage-detetak-remis-en-service-apres-le-remplacement-de-la-pompe\\\/\"},\"author\":{\"name\":\"tecnic1\",\"@id\":\"https:\\\/\\\/etetak.org\\\/#\\\/schema\\\/person\\\/ebf10816ba8f1b5ddd9f0b5b399708cb\"},\"headline\":\"Le forage d\u2019Etetak remis en service apr\u00e8s le remplacement de la pompe\",\"datePublished\":\"2026-03-09T09:47:50+00:00\",\"mainEntityOfPage\":{\"@id\":\"https:\\\/\\\/etetak.org\\\/fr\\\/le-forage-detetak-remis-en-service-apres-le-remplacement-de-la-pompe\\\/\"},\"wordCount\":173,\"publisher\":{\"@id\":\"https:\\\/\\\/etetak.org\\\/#organization\"},\"image\":{\"@id\":\"https:\\\/\\\/etetak.org\\\/fr\\\/le-forage-detetak-remis-en-service-apres-le-remplacement-de-la-pompe\\\/#primaryimage\"},\"thumbnailUrl\":\"https:\\\/\\\/etetak.org\\\/wp-content\\\/uploads\\\/2026\\\/03\\\/WhatsApp-Image-2026-03-08-at-00.06.41-3.jpeg\",\"articleSection\":[\"Sant\u00e9\"],\"inLanguage\":\"fr-FR\"},{\"@type\":\"WebPage\",\"@id\":\"https:\\\/\\\/etetak.org\\\/fr\\\/le-forage-detetak-remis-en-service-apres-le-remplacement-de-la-pompe\\\/\",\"url\":\"https:\\\/\\\/etetak.org\\\/fr\\\/le-forage-detetak-remis-en-service-apres-le-remplacement-de-la-pompe\\\/\",\"name\":\"Le forage d\u2019Etetak remis en service apr\u00e8s le remplacement de la pompe - etetak.org\",\"isPartOf\":{\"@id\":\"https:\\\/\\\/etetak.org\\\/#website\"},\"primaryImageOfPage\":{\"@id\":\"https:\\\/\\\/etetak.org\\\/fr\\\/le-forage-detetak-remis-en-service-apres-le-remplacement-de-la-pompe\\\/#primaryimage\"},\"image\":{\"@id\":\"https:\\\/\\\/etetak.org\\\/fr\\\/le-forage-detetak-remis-en-service-apres-le-remplacement-de-la-pompe\\\/#primaryimage\"},\"thumbnailUrl\":\"https:\\\/\\\/etetak.org\\\/wp-content\\\/uploads\\\/2026\\\/03\\\/WhatsApp-Image-2026-03-08-at-00.06.41-3.jpeg\",\"datePublished\":\"2026-03-09T09:47:50+00:00\",\"breadcrumb\":{\"@id\":\"https:\\\/\\\/etetak.org\\\/fr\\\/le-forage-detetak-remis-en-service-apres-le-remplacement-de-la-pompe\\\/#breadcrumb\"},\"inLanguage\":\"fr-FR\",\"potentialAction\":[{\"@type\":\"ReadAction\",\"target\":[\"https:\\\/\\\/etetak.org\\\/fr\\\/le-forage-detetak-remis-en-service-apres-le-remplacement-de-la-pompe\\\/\"]}]},{\"@type\":\"ImageObject\",\"inLanguage\":\"fr-FR\",\"@id\":\"https:\\\/\\\/etetak.org\\\/fr\\\/le-forage-detetak-remis-en-service-apres-le-remplacement-de-la-pompe\\\/#primaryimage\",\"url\":\"https:\\\/\\\/etetak.org\\\/wp-content\\\/uploads\\\/2026\\\/03\\\/WhatsApp-Image-2026-03-08-at-00.06.41-3.jpeg\",\"contentUrl\":\"https:\\\/\\\/etetak.org\\\/wp-content\\\/uploads\\\/2026\\\/03\\\/WhatsApp-Image-2026-03-08-at-00.06.41-3.jpeg\",\"width\":720,\"height\":727},{\"@type\":\"BreadcrumbList\",\"@id\":\"https:\\\/\\\/etetak.org\\\/fr\\\/le-forage-detetak-remis-en-service-apres-le-remplacement-de-la-pompe\\\/#breadcrumb\",\"itemListElement\":[{\"@type\":\"ListItem\",\"position\":1,\"name\":\"Portada\",\"item\":\"https:\\\/\\\/etetak.org\\\/fr\\\/\"},{\"@type\":\"ListItem\",\"position\":2,\"name\":\"Le forage d\u2019Etetak remis en service apr\u00e8s le remplacement de la pompe\"}]},{\"@type\":\"WebSite\",\"@id\":\"https:\\\/\\\/etetak.org\\\/#website\",\"url\":\"https:\\\/\\\/etetak.org\\\/\",\"name\":\"etetak.org\",\"description\":\"Educaci\u00f3 i Sanitat per a Etetak\",\"publisher\":{\"@id\":\"https:\\\/\\\/etetak.org\\\/#organization\"},\"potentialAction\":[{\"@type\":\"SearchAction\",\"target\":{\"@type\":\"EntryPoint\",\"urlTemplate\":\"https:\\\/\\\/etetak.org\\\/?s={search_term_string}\"},\"query-input\":{\"@type\":\"PropertyValueSpecification\",\"valueRequired\":true,\"valueName\":\"search_term_string\"}}],\"inLanguage\":\"fr-FR\"},{\"@type\":\"Organization\",\"@id\":\"https:\\\/\\\/etetak.org\\\/#organization\",\"name\":\"etetak.org\",\"url\":\"https:\\\/\\\/etetak.org\\\/\",\"logo\":{\"@type\":\"ImageObject\",\"inLanguage\":\"fr-FR\",\"@id\":\"https:\\\/\\\/etetak.org\\\/#\\\/schema\\\/logo\\\/image\\\/\",\"url\":\"https:\\\/\\\/etetak.org\\\/wp-content\\\/uploads\\\/2024\\\/05\\\/logo.png\",\"contentUrl\":\"https:\\\/\\\/etetak.org\\\/wp-content\\\/uploads\\\/2024\\\/05\\\/logo.png\",\"width\":1500,\"height\":503,\"caption\":\"etetak.org\"},\"image\":{\"@id\":\"https:\\\/\\\/etetak.org\\\/#\\\/schema\\\/logo\\\/image\\\/\"},\"sameAs\":[\"https:\\\/\\\/www.facebook.com\\\/etetak.org\",\"https:\\\/\\\/www.instagram.com\\\/etetak_org\\\/\"]},{\"@type\":\"Person\",\"@id\":\"https:\\\/\\\/etetak.org\\\/#\\\/schema\\\/person\\\/ebf10816ba8f1b5ddd9f0b5b399708cb\",\"name\":\"tecnic1\",\"url\":\"https:\\\/\\\/etetak.org\\\/fr\\\/author\\\/tecnic1\\\/\"}]}<\/script>\n<!-- \/ Yoast SEO plugin. -->","yoast_head_json":{"title":"Le forage d\u2019Etetak remis en service apr\u00e8s le remplacement de la pompe - etetak.org","robots":{"index":"index","follow":"follow","max-snippet":"max-snippet:-1","max-image-preview":"max-image-preview:large","max-video-preview":"max-video-preview:-1"},"canonical":"https:\/\/etetak.org\/fr\/le-forage-detetak-remis-en-service-apres-le-remplacement-de-la-pompe\/","og_locale":"fr_FR","og_type":"article","og_title":"Le forage d\u2019Etetak remis en service apr\u00e8s le remplacement de la pompe - etetak.org","og_description":"Le forage du quartier Etetak, \u00e0 Yaound\u00e9, a \u00e9t\u00e9 remis en service ce samedi 7 mars 2026, apr\u00e8s le remplacement de sa moto-pompe, endommag\u00e9e \u00e0 la suite d\u2019une forte utilisation li\u00e9e \u00e0 la saison s\u00e8che. La baisse du niveau des eaux souterraines et la diminution...","og_url":"https:\/\/etetak.org\/fr\/le-forage-detetak-remis-en-service-apres-le-remplacement-de-la-pompe\/","og_site_name":"etetak.org","article_publisher":"https:\/\/www.facebook.com\/etetak.org","article_published_time":"2026-03-09T09:47:50+00:00","og_image":[{"width":720,"height":727,"url":"https:\/\/etetak.org\/wp-content\/uploads\/2026\/03\/WhatsApp-Image-2026-03-08-at-00.06.41-3.jpeg","type":"image\/jpeg"}],"author":"tecnic1","twitter_card":"summary_large_image","schema":{"@context":"https:\/\/schema.org","@graph":[{"@type":"Article","@id":"https:\/\/etetak.org\/fr\/le-forage-detetak-remis-en-service-apres-le-remplacement-de-la-pompe\/#article","isPartOf":{"@id":"https:\/\/etetak.org\/fr\/le-forage-detetak-remis-en-service-apres-le-remplacement-de-la-pompe\/"},"author":{"name":"tecnic1","@id":"https:\/\/etetak.org\/#\/schema\/person\/ebf10816ba8f1b5ddd9f0b5b399708cb"},"headline":"Le forage d\u2019Etetak remis en service apr\u00e8s le remplacement de la pompe","datePublished":"2026-03-09T09:47:50+00:00","mainEntityOfPage":{"@id":"https:\/\/etetak.org\/fr\/le-forage-detetak-remis-en-service-apres-le-remplacement-de-la-pompe\/"},"wordCount":173,"publisher":{"@id":"https:\/\/etetak.org\/#organization"},"image":{"@id":"https:\/\/etetak.org\/fr\/le-forage-detetak-remis-en-service-apres-le-remplacement-de-la-pompe\/#primaryimage"},"thumbnailUrl":"https:\/\/etetak.org\/wp-content\/uploads\/2026\/03\/WhatsApp-Image-2026-03-08-at-00.06.41-3.jpeg","articleSection":["Sant\u00e9"],"inLanguage":"fr-FR"},{"@type":"WebPage","@id":"https:\/\/etetak.org\/fr\/le-forage-detetak-remis-en-service-apres-le-remplacement-de-la-pompe\/","url":"https:\/\/etetak.org\/fr\/le-forage-detetak-remis-en-service-apres-le-remplacement-de-la-pompe\/","name":"Le forage d\u2019Etetak remis en service apr\u00e8s le remplacement de la pompe - etetak.org","isPartOf":{"@id":"https:\/\/etetak.org\/#website"},"primaryImageOfPage":{"@id":"https:\/\/etetak.org\/fr\/le-forage-detetak-remis-en-service-apres-le-remplacement-de-la-pompe\/#primaryimage"},"image":{"@id":"https:\/\/etetak.org\/fr\/le-forage-detetak-remis-en-service-apres-le-remplacement-de-la-pompe\/#primaryimage"},"thumbnailUrl":"https:\/\/etetak.org\/wp-content\/uploads\/2026\/03\/WhatsApp-Image-2026-03-08-at-00.06.41-3.jpeg","datePublished":"2026-03-09T09:47:50+00:00","breadcrumb":{"@id":"https:\/\/etetak.org\/fr\/le-forage-detetak-remis-en-service-apres-le-remplacement-de-la-pompe\/#breadcrumb"},"inLanguage":"fr-FR","potentialAction":[{"@type":"ReadAction","target":["https:\/\/etetak.org\/fr\/le-forage-detetak-remis-en-service-apres-le-remplacement-de-la-pompe\/"]}]},{"@type":"ImageObject","inLanguage":"fr-FR","@id":"https:\/\/etetak.org\/fr\/le-forage-detetak-remis-en-service-apres-le-remplacement-de-la-pompe\/#primaryimage","url":"https:\/\/etetak.org\/wp-content\/uploads\/2026\/03\/WhatsApp-Image-2026-03-08-at-00.06.41-3.jpeg","contentUrl":"https:\/\/etetak.org\/wp-content\/uploads\/2026\/03\/WhatsApp-Image-2026-03-08-at-00.06.41-3.jpeg","width":720,"height":727},{"@type":"BreadcrumbList","@id":"https:\/\/etetak.org\/fr\/le-forage-detetak-remis-en-service-apres-le-remplacement-de-la-pompe\/#breadcrumb","itemListElement":[{"@type":"ListItem","position":1,"name":"Portada","item":"https:\/\/etetak.org\/fr\/"},{"@type":"ListItem","position":2,"name":"Le forage d\u2019Etetak remis en service apr\u00e8s le remplacement de la pompe"}]},{"@type":"WebSite","@id":"https:\/\/etetak.org\/#website","url":"https:\/\/etetak.org\/","name":"etetak.org","description":"Educaci\u00f3 i Sanitat per a Etetak","publisher":{"@id":"https:\/\/etetak.org\/#organization"},"potentialAction":[{"@type":"SearchAction","target":{"@type":"EntryPoint","urlTemplate":"https:\/\/etetak.org\/?s={search_term_string}"},"query-input":{"@type":"PropertyValueSpecification","valueRequired":true,"valueName":"search_term_string"}}],"inLanguage":"fr-FR"},{"@type":"Organization","@id":"https:\/\/etetak.org\/#organization","name":"etetak.org","url":"https:\/\/etetak.org\/","logo":{"@type":"ImageObject","inLanguage":"fr-FR","@id":"https:\/\/etetak.org\/#\/schema\/logo\/image\/","url":"https:\/\/etetak.org\/wp-content\/uploads\/2024\/05\/logo.png","contentUrl":"https:\/\/etetak.org\/wp-content\/uploads\/2024\/05\/logo.png","width":1500,"height":503,"caption":"etetak.org"},"image":{"@id":"https:\/\/etetak.org\/#\/schema\/logo\/image\/"},"sameAs":["https:\/\/www.facebook.com\/etetak.org","https:\/\/www.instagram.com\/etetak_org\/"]},{"@type":"Person","@id":"https:\/\/etetak.org\/#\/schema\/person\/ebf10816ba8f1b5ddd9f0b5b399708cb","name":"tecnic1","url":"https:\/\/etetak.org\/fr\/author\/tecnic1\/"}]}},"_links":{"self":[{"href":"https:\/\/etetak.org\/fr\/wp-json\/wp\/v2\/posts\/606","targetHints":{"allow":["GET"]}}],"collection":[{"href":"https:\/\/etetak.org\/fr\/wp-json\/wp\/v2\/posts"}],"about":[{"href":"https:\/\/etetak.org\/fr\/wp-json\/wp\/v2\/types\/post"}],"author":[{"embeddable":true,"href":"https:\/\/etetak.org\/fr\/wp-json\/wp\/v2\/users\/6"}],"replies":[{"embeddable":true,"href":"https:\/\/etetak.org\/fr\/wp-json\/wp\/v2\/comments?post=606"}],"version-history":[{"count":0,"href":"https:\/\/etetak.org\/fr\/wp-json\/wp\/v2\/posts\/606\/revisions"}],"wp:featuredmedia":[{"embeddable":true,"href":"https:\/\/etetak.org\/fr\/wp-json\/wp\/v2\/media\/602"}],"wp:attachment":[{"href":"https:\/\/etetak.org\/fr\/wp-json\/wp\/v2\/media?parent=606"}],"wp:term":[{"taxonomy":"category","embeddable":true,"href":"https:\/\/etetak.org\/fr\/wp-json\/wp\/v2\/categories?post=606"},{"taxonomy":"post_tag","embeddable":true,"href":"https:\/\/etetak.org\/fr\/wp-json\/wp\/v2\/tags?post=606"}],"curies":[{"name":"wp","href":"https:\/\/api.w.org\/{rel}","templated":true}]}}