{"id":580,"date":"2026-03-02T10:35:27","date_gmt":"2026-03-02T09:35:27","guid":{"rendered":"https:\/\/etetak.org\/cameroun-geste-de-solidarite-au-sein-du-projet-educacio-sanitat-etetak\/"},"modified":"2026-03-02T10:35:27","modified_gmt":"2026-03-02T09:35:27","slug":"cameroun-geste-de-solidarite-au-sein-du-projet-educacio-sanitat-etetak","status":"publish","type":"post","link":"https:\/\/etetak.org\/fr\/cameroun-geste-de-solidarite-au-sein-du-projet-educacio-sanitat-etetak\/","title":{"rendered":"Cameroun : Geste de solidarit\u00e9 au sein du projet Educaci\u00f3 Sanitat Etetak"},"content":{"rendered":"<p>Ce vendredi 27 f\u00e9vrier 2027, la communaut\u00e9 du projet Educaci\u00f3 Sanitat Etetak \u00e0 Yaound\u00e9 a exprim\u00e9 un geste de solidarit\u00e9 envers l\u2019enseignant Awono Nkolo Jean Baptiste, suite au d\u00e9c\u00e8s de sa fille Zobo Engoulou, \u00e2g\u00e9e de 26 ans.<\/p>\n<p>Sous l\u2019impulsion du coordinateur local, William Mbianda, plusieurs enseignants se sont d\u00e9plac\u00e9s pour lui pr\u00e9senter leurs condol\u00e9ances dans un climat de pri\u00e8re et de recueillement.<\/p>\n<p>Fran\u00e7ois Urbain LEUGA MOUMI<\/p>\n<p>&nbsp;<\/p>\n\n\t\t<style type=\"text\/css\">\n\t\t\t#gallery-1 {\n\t\t\t\tmargin: auto;\n\t\t\t}\n\t\t\t#gallery-1 .gallery-item {\n\t\t\t\tfloat: left;\n\t\t\t\tmargin-top: 10px;\n\t\t\t\ttext-align: center;\n\t\t\t\twidth: 33%;\n\t\t\t}\n\t\t\t#gallery-1 img {\n\t\t\t\tborder: 2px solid #cfcfcf;\n\t\t\t}\n\t\t\t#gallery-1 .gallery-caption {\n\t\t\t\tmargin-left: 0;\n\t\t\t}\n\t\t\t\/* see gallery_shortcode() in wp-includes\/media.php *\/\n\t\t<\/style>\n\t\t<div id='gallery-1' class='gallery galleryid-580 gallery-columns-3 gallery-size-thumbnail'><dl class='gallery-item'>\n\t\t\t<dt class='gallery-icon portrait'>\n\t\t\t\t<a href='https:\/\/etetak.org\/fr\/cameroun-geste-de-solidarite-au-sein-du-projet-educacio-sanitat-etetak\/whatsapp-image-2026-03-02-at-09-20-07-3\/'><img loading=\"lazy\" decoding=\"async\" width=\"150\" height=\"150\" src=\"https:\/\/etetak.org\/wp-content\/uploads\/2026\/03\/WhatsApp-Image-2026-03-02-at-09.20.07-150x150.jpeg\" class=\"attachment-thumbnail size-thumbnail\" alt=\"\" srcset=\"https:\/\/etetak.org\/wp-content\/uploads\/2026\/03\/WhatsApp-Image-2026-03-02-at-09.20.07-150x150.jpeg 150w, https:\/\/etetak.org\/wp-content\/uploads\/2026\/03\/WhatsApp-Image-2026-03-02-at-09.20.07-500x500.jpeg 500w\" sizes=\"auto, (max-width: 150px) 100vw, 150px\" \/><\/a>\n\t\t\t<\/dt><\/dl><dl class='gallery-item'>\n\t\t\t<dt class='gallery-icon landscape'>\n\t\t\t\t<a href='https:\/\/etetak.org\/fr\/cameroun-geste-de-solidarite-au-sein-du-projet-educacio-sanitat-etetak\/whatsapp-image-2026-03-02-at-09-20-07-1-2\/'><img loading=\"lazy\" decoding=\"async\" width=\"150\" height=\"150\" src=\"https:\/\/etetak.org\/wp-content\/uploads\/2026\/03\/WhatsApp-Image-2026-03-02-at-09.20.07-1-150x150.jpeg\" class=\"attachment-thumbnail size-thumbnail\" alt=\"\" srcset=\"https:\/\/etetak.org\/wp-content\/uploads\/2026\/03\/WhatsApp-Image-2026-03-02-at-09.20.07-1-150x150.jpeg 150w, https:\/\/etetak.org\/wp-content\/uploads\/2026\/03\/WhatsApp-Image-2026-03-02-at-09.20.07-1-570x570.jpeg 570w, https:\/\/etetak.org\/wp-content\/uploads\/2026\/03\/WhatsApp-Image-2026-03-02-at-09.20.07-1-500x500.jpeg 500w, https:\/\/etetak.org\/wp-content\/uploads\/2026\/03\/WhatsApp-Image-2026-03-02-at-09.20.07-1-650x650.jpeg 650w\" sizes=\"auto, (max-width: 150px) 100vw, 150px\" \/><\/a>\n\t\t\t<\/dt><\/dl><dl class='gallery-item'>\n\t\t\t<dt class='gallery-icon landscape'>\n\t\t\t\t<a href='https:\/\/etetak.org\/fr\/cameroun-geste-de-solidarite-au-sein-du-projet-educacio-sanitat-etetak\/whatsapp-image-2026-03-02-at-09-20-07-2-2\/'><img loading=\"lazy\" decoding=\"async\" width=\"150\" height=\"150\" src=\"https:\/\/etetak.org\/wp-content\/uploads\/2026\/03\/WhatsApp-Image-2026-03-02-at-09.20.07-2-150x150.jpeg\" class=\"attachment-thumbnail size-thumbnail\" alt=\"\" srcset=\"https:\/\/etetak.org\/wp-content\/uploads\/2026\/03\/WhatsApp-Image-2026-03-02-at-09.20.07-2-150x150.jpeg 150w, https:\/\/etetak.org\/wp-content\/uploads\/2026\/03\/WhatsApp-Image-2026-03-02-at-09.20.07-2-570x570.jpeg 570w, https:\/\/etetak.org\/wp-content\/uploads\/2026\/03\/WhatsApp-Image-2026-03-02-at-09.20.07-2-500x500.jpeg 500w, https:\/\/etetak.org\/wp-content\/uploads\/2026\/03\/WhatsApp-Image-2026-03-02-at-09.20.07-2-650x650.jpeg 650w\" sizes=\"auto, (max-width: 150px) 100vw, 150px\" \/><\/a>\n\t\t\t<\/dt><\/dl><br style=\"clear: both\" \/>\n\t\t<\/div>\n\n","protected":false},"excerpt":{"rendered":"<p>Ce vendredi 27 f\u00e9vrier 2027, la communaut\u00e9 du projet Educaci\u00f3 Sanitat Etetak \u00e0 Yaound\u00e9 a exprim\u00e9 un geste de solidarit\u00e9 envers l\u2019enseignant Awono Nkolo Jean Baptiste, suite au d\u00e9c\u00e8s de sa fille Zobo Engoulou, \u00e2g\u00e9e de 26 ans. Sous l\u2019impulsion du coordinateur local, William Mbianda,&#8230;<\/p>\n","protected":false},"author":6,"featured_media":560,"comment_status":"closed","ping_status":"open","sticky":false,"template":"","format":"standard","meta":{"footnotes":""},"categories":[20],"tags":[],"class_list":["post-580","post","type-post","status-publish","format-standard","has-post-thumbnail","hentry","category-non-categorise"],"yoast_head":"<!-- This site is optimized with the Yoast SEO plugin v27.4 - https:\/\/yoast.com\/product\/yoast-seo-wordpress\/ -->\n<title>Cameroun : Geste de solidarit\u00e9 au sein du projet Educaci\u00f3 Sanitat Etetak - etetak.org<\/title>\n<meta name=\"robots\" content=\"index, follow, max-snippet:-1, max-image-preview:large, max-video-preview:-1\" \/>\n<link rel=\"canonical\" href=\"https:\/\/etetak.org\/fr\/cameroun-geste-de-solidarite-au-sein-du-projet-educacio-sanitat-etetak\/\" \/>\n<meta property=\"og:locale\" content=\"fr_FR\" \/>\n<meta property=\"og:type\" content=\"article\" \/>\n<meta property=\"og:title\" content=\"Cameroun : Geste de solidarit\u00e9 au sein du projet Educaci\u00f3 Sanitat Etetak - etetak.org\" \/>\n<meta property=\"og:description\" content=\"Ce vendredi 27 f\u00e9vrier 2027, la communaut\u00e9 du projet Educaci\u00f3 Sanitat Etetak \u00e0 Yaound\u00e9 a exprim\u00e9 un geste de solidarit\u00e9 envers l\u2019enseignant Awono Nkolo Jean Baptiste, suite au d\u00e9c\u00e8s de sa fille Zobo Engoulou, \u00e2g\u00e9e de 26 ans. Sous l\u2019impulsion du coordinateur local, William Mbianda,...\" \/>\n<meta property=\"og:url\" content=\"https:\/\/etetak.org\/fr\/cameroun-geste-de-solidarite-au-sein-du-projet-educacio-sanitat-etetak\/\" \/>\n<meta property=\"og:site_name\" content=\"etetak.org\" \/>\n<meta property=\"article:publisher\" content=\"https:\/\/www.facebook.com\/etetak.org\" \/>\n<meta property=\"article:published_time\" content=\"2026-03-02T09:35:27+00:00\" \/>\n<meta property=\"og:image\" content=\"https:\/\/etetak.org\/wp-content\/uploads\/2026\/03\/WhatsApp-Image-2026-03-02-at-09.20.06.jpeg\" \/>\n\t<meta property=\"og:image:width\" content=\"1280\" \/>\n\t<meta property=\"og:image:height\" content=\"960\" \/>\n\t<meta property=\"og:image:type\" content=\"image\/jpeg\" \/>\n<meta name=\"author\" content=\"tecnic1\" \/>\n<meta name=\"twitter:card\" content=\"summary_large_image\" \/>\n<script type=\"application\/ld+json\" class=\"yoast-schema-graph\">{\"@context\":\"https:\\\/\\\/schema.org\",\"@graph\":[{\"@type\":\"Article\",\"@id\":\"https:\\\/\\\/etetak.org\\\/fr\\\/cameroun-geste-de-solidarite-au-sein-du-projet-educacio-sanitat-etetak\\\/#article\",\"isPartOf\":{\"@id\":\"https:\\\/\\\/etetak.org\\\/fr\\\/cameroun-geste-de-solidarite-au-sein-du-projet-educacio-sanitat-etetak\\\/\"},\"author\":{\"name\":\"tecnic1\",\"@id\":\"https:\\\/\\\/etetak.org\\\/#\\\/schema\\\/person\\\/ebf10816ba8f1b5ddd9f0b5b399708cb\"},\"headline\":\"Cameroun : Geste de solidarit\u00e9 au sein du projet Educaci\u00f3 Sanitat Etetak\",\"datePublished\":\"2026-03-02T09:35:27+00:00\",\"mainEntityOfPage\":{\"@id\":\"https:\\\/\\\/etetak.org\\\/fr\\\/cameroun-geste-de-solidarite-au-sein-du-projet-educacio-sanitat-etetak\\\/\"},\"wordCount\":89,\"publisher\":{\"@id\":\"https:\\\/\\\/etetak.org\\\/#organization\"},\"image\":{\"@id\":\"https:\\\/\\\/etetak.org\\\/fr\\\/cameroun-geste-de-solidarite-au-sein-du-projet-educacio-sanitat-etetak\\\/#primaryimage\"},\"thumbnailUrl\":\"https:\\\/\\\/etetak.org\\\/wp-content\\\/uploads\\\/2026\\\/03\\\/WhatsApp-Image-2026-03-02-at-09.20.06.jpeg\",\"articleSection\":[\"Non cat\u00e9goris\u00e9\"],\"inLanguage\":\"fr-FR\"},{\"@type\":\"WebPage\",\"@id\":\"https:\\\/\\\/etetak.org\\\/fr\\\/cameroun-geste-de-solidarite-au-sein-du-projet-educacio-sanitat-etetak\\\/\",\"url\":\"https:\\\/\\\/etetak.org\\\/fr\\\/cameroun-geste-de-solidarite-au-sein-du-projet-educacio-sanitat-etetak\\\/\",\"name\":\"Cameroun : Geste de solidarit\u00e9 au sein du projet Educaci\u00f3 Sanitat Etetak - etetak.org\",\"isPartOf\":{\"@id\":\"https:\\\/\\\/etetak.org\\\/#website\"},\"primaryImageOfPage\":{\"@id\":\"https:\\\/\\\/etetak.org\\\/fr\\\/cameroun-geste-de-solidarite-au-sein-du-projet-educacio-sanitat-etetak\\\/#primaryimage\"},\"image\":{\"@id\":\"https:\\\/\\\/etetak.org\\\/fr\\\/cameroun-geste-de-solidarite-au-sein-du-projet-educacio-sanitat-etetak\\\/#primaryimage\"},\"thumbnailUrl\":\"https:\\\/\\\/etetak.org\\\/wp-content\\\/uploads\\\/2026\\\/03\\\/WhatsApp-Image-2026-03-02-at-09.20.06.jpeg\",\"datePublished\":\"2026-03-02T09:35:27+00:00\",\"breadcrumb\":{\"@id\":\"https:\\\/\\\/etetak.org\\\/fr\\\/cameroun-geste-de-solidarite-au-sein-du-projet-educacio-sanitat-etetak\\\/#breadcrumb\"},\"inLanguage\":\"fr-FR\",\"potentialAction\":[{\"@type\":\"ReadAction\",\"target\":[\"https:\\\/\\\/etetak.org\\\/fr\\\/cameroun-geste-de-solidarite-au-sein-du-projet-educacio-sanitat-etetak\\\/\"]}]},{\"@type\":\"ImageObject\",\"inLanguage\":\"fr-FR\",\"@id\":\"https:\\\/\\\/etetak.org\\\/fr\\\/cameroun-geste-de-solidarite-au-sein-du-projet-educacio-sanitat-etetak\\\/#primaryimage\",\"url\":\"https:\\\/\\\/etetak.org\\\/wp-content\\\/uploads\\\/2026\\\/03\\\/WhatsApp-Image-2026-03-02-at-09.20.06.jpeg\",\"contentUrl\":\"https:\\\/\\\/etetak.org\\\/wp-content\\\/uploads\\\/2026\\\/03\\\/WhatsApp-Image-2026-03-02-at-09.20.06.jpeg\",\"width\":1280,\"height\":960},{\"@type\":\"BreadcrumbList\",\"@id\":\"https:\\\/\\\/etetak.org\\\/fr\\\/cameroun-geste-de-solidarite-au-sein-du-projet-educacio-sanitat-etetak\\\/#breadcrumb\",\"itemListElement\":[{\"@type\":\"ListItem\",\"position\":1,\"name\":\"Portada\",\"item\":\"https:\\\/\\\/etetak.org\\\/fr\\\/\"},{\"@type\":\"ListItem\",\"position\":2,\"name\":\"Cameroun : Geste de solidarit\u00e9 au sein du projet Educaci\u00f3 Sanitat Etetak\"}]},{\"@type\":\"WebSite\",\"@id\":\"https:\\\/\\\/etetak.org\\\/#website\",\"url\":\"https:\\\/\\\/etetak.org\\\/\",\"name\":\"etetak.org\",\"description\":\"Educaci\u00f3 i Sanitat per a Etetak\",\"publisher\":{\"@id\":\"https:\\\/\\\/etetak.org\\\/#organization\"},\"potentialAction\":[{\"@type\":\"SearchAction\",\"target\":{\"@type\":\"EntryPoint\",\"urlTemplate\":\"https:\\\/\\\/etetak.org\\\/?s={search_term_string}\"},\"query-input\":{\"@type\":\"PropertyValueSpecification\",\"valueRequired\":true,\"valueName\":\"search_term_string\"}}],\"inLanguage\":\"fr-FR\"},{\"@type\":\"Organization\",\"@id\":\"https:\\\/\\\/etetak.org\\\/#organization\",\"name\":\"etetak.org\",\"url\":\"https:\\\/\\\/etetak.org\\\/\",\"logo\":{\"@type\":\"ImageObject\",\"inLanguage\":\"fr-FR\",\"@id\":\"https:\\\/\\\/etetak.org\\\/#\\\/schema\\\/logo\\\/image\\\/\",\"url\":\"https:\\\/\\\/etetak.org\\\/wp-content\\\/uploads\\\/2024\\\/05\\\/logo.png\",\"contentUrl\":\"https:\\\/\\\/etetak.org\\\/wp-content\\\/uploads\\\/2024\\\/05\\\/logo.png\",\"width\":1500,\"height\":503,\"caption\":\"etetak.org\"},\"image\":{\"@id\":\"https:\\\/\\\/etetak.org\\\/#\\\/schema\\\/logo\\\/image\\\/\"},\"sameAs\":[\"https:\\\/\\\/www.facebook.com\\\/etetak.org\",\"https:\\\/\\\/www.instagram.com\\\/etetak_org\\\/\"]},{\"@type\":\"Person\",\"@id\":\"https:\\\/\\\/etetak.org\\\/#\\\/schema\\\/person\\\/ebf10816ba8f1b5ddd9f0b5b399708cb\",\"name\":\"tecnic1\",\"url\":\"https:\\\/\\\/etetak.org\\\/fr\\\/author\\\/tecnic1\\\/\"}]}<\/script>\n<!-- \/ Yoast SEO plugin. -->","yoast_head_json":{"title":"Cameroun : Geste de solidarit\u00e9 au sein du projet Educaci\u00f3 Sanitat Etetak - etetak.org","robots":{"index":"index","follow":"follow","max-snippet":"max-snippet:-1","max-image-preview":"max-image-preview:large","max-video-preview":"max-video-preview:-1"},"canonical":"https:\/\/etetak.org\/fr\/cameroun-geste-de-solidarite-au-sein-du-projet-educacio-sanitat-etetak\/","og_locale":"fr_FR","og_type":"article","og_title":"Cameroun : Geste de solidarit\u00e9 au sein du projet Educaci\u00f3 Sanitat Etetak - etetak.org","og_description":"Ce vendredi 27 f\u00e9vrier 2027, la communaut\u00e9 du projet Educaci\u00f3 Sanitat Etetak \u00e0 Yaound\u00e9 a exprim\u00e9 un geste de solidarit\u00e9 envers l\u2019enseignant Awono Nkolo Jean Baptiste, suite au d\u00e9c\u00e8s de sa fille Zobo Engoulou, \u00e2g\u00e9e de 26 ans. Sous l\u2019impulsion du coordinateur local, William Mbianda,...","og_url":"https:\/\/etetak.org\/fr\/cameroun-geste-de-solidarite-au-sein-du-projet-educacio-sanitat-etetak\/","og_site_name":"etetak.org","article_publisher":"https:\/\/www.facebook.com\/etetak.org","article_published_time":"2026-03-02T09:35:27+00:00","og_image":[{"width":1280,"height":960,"url":"https:\/\/etetak.org\/wp-content\/uploads\/2026\/03\/WhatsApp-Image-2026-03-02-at-09.20.06.jpeg","type":"image\/jpeg"}],"author":"tecnic1","twitter_card":"summary_large_image","schema":{"@context":"https:\/\/schema.org","@graph":[{"@type":"Article","@id":"https:\/\/etetak.org\/fr\/cameroun-geste-de-solidarite-au-sein-du-projet-educacio-sanitat-etetak\/#article","isPartOf":{"@id":"https:\/\/etetak.org\/fr\/cameroun-geste-de-solidarite-au-sein-du-projet-educacio-sanitat-etetak\/"},"author":{"name":"tecnic1","@id":"https:\/\/etetak.org\/#\/schema\/person\/ebf10816ba8f1b5ddd9f0b5b399708cb"},"headline":"Cameroun : Geste de solidarit\u00e9 au sein du projet Educaci\u00f3 Sanitat Etetak","datePublished":"2026-03-02T09:35:27+00:00","mainEntityOfPage":{"@id":"https:\/\/etetak.org\/fr\/cameroun-geste-de-solidarite-au-sein-du-projet-educacio-sanitat-etetak\/"},"wordCount":89,"publisher":{"@id":"https:\/\/etetak.org\/#organization"},"image":{"@id":"https:\/\/etetak.org\/fr\/cameroun-geste-de-solidarite-au-sein-du-projet-educacio-sanitat-etetak\/#primaryimage"},"thumbnailUrl":"https:\/\/etetak.org\/wp-content\/uploads\/2026\/03\/WhatsApp-Image-2026-03-02-at-09.20.06.jpeg","articleSection":["Non cat\u00e9goris\u00e9"],"inLanguage":"fr-FR"},{"@type":"WebPage","@id":"https:\/\/etetak.org\/fr\/cameroun-geste-de-solidarite-au-sein-du-projet-educacio-sanitat-etetak\/","url":"https:\/\/etetak.org\/fr\/cameroun-geste-de-solidarite-au-sein-du-projet-educacio-sanitat-etetak\/","name":"Cameroun : Geste de solidarit\u00e9 au sein du projet Educaci\u00f3 Sanitat Etetak - etetak.org","isPartOf":{"@id":"https:\/\/etetak.org\/#website"},"primaryImageOfPage":{"@id":"https:\/\/etetak.org\/fr\/cameroun-geste-de-solidarite-au-sein-du-projet-educacio-sanitat-etetak\/#primaryimage"},"image":{"@id":"https:\/\/etetak.org\/fr\/cameroun-geste-de-solidarite-au-sein-du-projet-educacio-sanitat-etetak\/#primaryimage"},"thumbnailUrl":"https:\/\/etetak.org\/wp-content\/uploads\/2026\/03\/WhatsApp-Image-2026-03-02-at-09.20.06.jpeg","datePublished":"2026-03-02T09:35:27+00:00","breadcrumb":{"@id":"https:\/\/etetak.org\/fr\/cameroun-geste-de-solidarite-au-sein-du-projet-educacio-sanitat-etetak\/#breadcrumb"},"inLanguage":"fr-FR","potentialAction":[{"@type":"ReadAction","target":["https:\/\/etetak.org\/fr\/cameroun-geste-de-solidarite-au-sein-du-projet-educacio-sanitat-etetak\/"]}]},{"@type":"ImageObject","inLanguage":"fr-FR","@id":"https:\/\/etetak.org\/fr\/cameroun-geste-de-solidarite-au-sein-du-projet-educacio-sanitat-etetak\/#primaryimage","url":"https:\/\/etetak.org\/wp-content\/uploads\/2026\/03\/WhatsApp-Image-2026-03-02-at-09.20.06.jpeg","contentUrl":"https:\/\/etetak.org\/wp-content\/uploads\/2026\/03\/WhatsApp-Image-2026-03-02-at-09.20.06.jpeg","width":1280,"height":960},{"@type":"BreadcrumbList","@id":"https:\/\/etetak.org\/fr\/cameroun-geste-de-solidarite-au-sein-du-projet-educacio-sanitat-etetak\/#breadcrumb","itemListElement":[{"@type":"ListItem","position":1,"name":"Portada","item":"https:\/\/etetak.org\/fr\/"},{"@type":"ListItem","position":2,"name":"Cameroun : Geste de solidarit\u00e9 au sein du projet Educaci\u00f3 Sanitat Etetak"}]},{"@type":"WebSite","@id":"https:\/\/etetak.org\/#website","url":"https:\/\/etetak.org\/","name":"etetak.org","description":"Educaci\u00f3 i Sanitat per a Etetak","publisher":{"@id":"https:\/\/etetak.org\/#organization"},"potentialAction":[{"@type":"SearchAction","target":{"@type":"EntryPoint","urlTemplate":"https:\/\/etetak.org\/?s={search_term_string}"},"query-input":{"@type":"PropertyValueSpecification","valueRequired":true,"valueName":"search_term_string"}}],"inLanguage":"fr-FR"},{"@type":"Organization","@id":"https:\/\/etetak.org\/#organization","name":"etetak.org","url":"https:\/\/etetak.org\/","logo":{"@type":"ImageObject","inLanguage":"fr-FR","@id":"https:\/\/etetak.org\/#\/schema\/logo\/image\/","url":"https:\/\/etetak.org\/wp-content\/uploads\/2024\/05\/logo.png","contentUrl":"https:\/\/etetak.org\/wp-content\/uploads\/2024\/05\/logo.png","width":1500,"height":503,"caption":"etetak.org"},"image":{"@id":"https:\/\/etetak.org\/#\/schema\/logo\/image\/"},"sameAs":["https:\/\/www.facebook.com\/etetak.org","https:\/\/www.instagram.com\/etetak_org\/"]},{"@type":"Person","@id":"https:\/\/etetak.org\/#\/schema\/person\/ebf10816ba8f1b5ddd9f0b5b399708cb","name":"tecnic1","url":"https:\/\/etetak.org\/fr\/author\/tecnic1\/"}]}},"_links":{"self":[{"href":"https:\/\/etetak.org\/fr\/wp-json\/wp\/v2\/posts\/580","targetHints":{"allow":["GET"]}}],"collection":[{"href":"https:\/\/etetak.org\/fr\/wp-json\/wp\/v2\/posts"}],"about":[{"href":"https:\/\/etetak.org\/fr\/wp-json\/wp\/v2\/types\/post"}],"author":[{"embeddable":true,"href":"https:\/\/etetak.org\/fr\/wp-json\/wp\/v2\/users\/6"}],"replies":[{"embeddable":true,"href":"https:\/\/etetak.org\/fr\/wp-json\/wp\/v2\/comments?post=580"}],"version-history":[{"count":0,"href":"https:\/\/etetak.org\/fr\/wp-json\/wp\/v2\/posts\/580\/revisions"}],"wp:featuredmedia":[{"embeddable":true,"href":"https:\/\/etetak.org\/fr\/wp-json\/wp\/v2\/media\/560"}],"wp:attachment":[{"href":"https:\/\/etetak.org\/fr\/wp-json\/wp\/v2\/media?parent=580"}],"wp:term":[{"taxonomy":"category","embeddable":true,"href":"https:\/\/etetak.org\/fr\/wp-json\/wp\/v2\/categories?post=580"},{"taxonomy":"post_tag","embeddable":true,"href":"https:\/\/etetak.org\/fr\/wp-json\/wp\/v2\/tags?post=580"}],"curies":[{"name":"wp","href":"https:\/\/api.w.org\/{rel}","templated":true}]}}