{"id":699,"date":"2026-04-10T11:52:17","date_gmt":"2026-04-10T09:52:17","guid":{"rendered":"https:\/\/etetak.org\/nos-llega-sant-jordi-%f0%9f%8c%b9%f0%9f%93%9a\/"},"modified":"2026-04-10T11:52:17","modified_gmt":"2026-04-10T09:52:17","slug":"nos-llega-sant-jordi-%f0%9f%8c%b9%f0%9f%93%9a","status":"publish","type":"post","link":"https:\/\/etetak.org\/es\/nos-llega-sant-jordi-%f0%9f%8c%b9%f0%9f%93%9a\/","title":{"rendered":"Nos llega Sant Jordi \ud83c\udf39\ud83d\udcda"},"content":{"rendered":"<p>Como cada a\u00f1o, tendremos la parada en la Plaza de la Espolsada de Les Franqueses donde presentaremos la nueva camiseta dise\u00f1ada altruistamente, por Marc Girbau\ud83c\udfa8, con todos sus tama\u00f1os, para ampliar su colecci\u00f3n\ud83e\udd29<br \/>\nYa es la tercera\ud83e\udef6!!!!<br \/>\nAgradecer\u00edamos sus reservas -nos ayudar\u00e1 para hacer previsi\u00f3n-, de rosas (5 \u20ac) y de camisetas (15 \u20ac), tanto para recoger en la parada, como para entrega en su casa el d\u00eda 22 \ud83d\ude97\ud83d\udca8\ud83d\udca8<br \/>\nSeguiremos informando\ud83d\ude4b\ud83c\udffb\u200d\u2642\ufe0f<br \/>\nMuchas gracias y viva Sant Jordi\ud83c\udf39\ud83d\udcda<\/p>\n<p>&nbsp;<\/p>\n\n\t\t<style type=\"text\/css\">\n\t\t\t#gallery-1 {\n\t\t\t\tmargin: auto;\n\t\t\t}\n\t\t\t#gallery-1 .gallery-item {\n\t\t\t\tfloat: left;\n\t\t\t\tmargin-top: 10px;\n\t\t\t\ttext-align: center;\n\t\t\t\twidth: 33%;\n\t\t\t}\n\t\t\t#gallery-1 img {\n\t\t\t\tborder: 2px solid #cfcfcf;\n\t\t\t}\n\t\t\t#gallery-1 .gallery-caption {\n\t\t\t\tmargin-left: 0;\n\t\t\t}\n\t\t\t\/* see gallery_shortcode() in wp-includes\/media.php *\/\n\t\t<\/style>\n\t\t<div id='gallery-1' class='gallery galleryid-699 gallery-columns-3 gallery-size-thumbnail'><dl class='gallery-item'>\n\t\t\t<dt class='gallery-icon portrait'>\n\t\t\t\t<a href='https:\/\/etetak.org\/es\/nos-llega-sant-jordi-%f0%9f%8c%b9%f0%9f%93%9a\/imagen-1-4-2\/'><img loading=\"lazy\" decoding=\"async\" width=\"150\" height=\"150\" src=\"https:\/\/etetak.org\/wp-content\/uploads\/2026\/04\/imagen-1-150x150.png\" class=\"attachment-thumbnail size-thumbnail\" alt=\"\" srcset=\"https:\/\/etetak.org\/wp-content\/uploads\/2026\/04\/imagen-1-150x150.png 150w, https:\/\/etetak.org\/wp-content\/uploads\/2026\/04\/imagen-1-570x570.png 570w, https:\/\/etetak.org\/wp-content\/uploads\/2026\/04\/imagen-1-500x500.png 500w, https:\/\/etetak.org\/wp-content\/uploads\/2026\/04\/imagen-1-1000x1000.png 1000w, https:\/\/etetak.org\/wp-content\/uploads\/2026\/04\/imagen-1-650x650.png 650w\" sizes=\"auto, (max-width: 150px) 100vw, 150px\" \/><\/a>\n\t\t\t<\/dt><\/dl><dl class='gallery-item'>\n\t\t\t<dt class='gallery-icon landscape'>\n\t\t\t\t<a href='https:\/\/etetak.org\/es\/nos-llega-sant-jordi-%f0%9f%8c%b9%f0%9f%93%9a\/imagen-43-2\/'><img loading=\"lazy\" decoding=\"async\" width=\"150\" height=\"150\" src=\"https:\/\/etetak.org\/wp-content\/uploads\/2026\/04\/imagen-150x150.png\" class=\"attachment-thumbnail size-thumbnail\" alt=\"\" srcset=\"https:\/\/etetak.org\/wp-content\/uploads\/2026\/04\/imagen-150x150.png 150w, https:\/\/etetak.org\/wp-content\/uploads\/2026\/04\/imagen-570x570.png 570w, https:\/\/etetak.org\/wp-content\/uploads\/2026\/04\/imagen-500x500.png 500w, https:\/\/etetak.org\/wp-content\/uploads\/2026\/04\/imagen-1000x1000.png 1000w, https:\/\/etetak.org\/wp-content\/uploads\/2026\/04\/imagen-650x650.png 650w, https:\/\/etetak.org\/wp-content\/uploads\/2026\/04\/imagen-1300x1300.png 1300w\" sizes=\"auto, (max-width: 150px) 100vw, 150px\" \/><\/a>\n\t\t\t<\/dt><\/dl>\n\t\t\t<br style='clear: both' \/>\n\t\t<\/div>\n\n","protected":false},"excerpt":{"rendered":"<p>Como cada a\u00f1o, tendremos la parada en la Plaza de la Espolsada de Les Franqueses donde presentaremos la nueva camiseta dise\u00f1ada altruistamente, por Marc Girbau\ud83c\udfa8, con todos sus tama\u00f1os, para ampliar su colecci\u00f3n\ud83e\udd29 Ya es la tercera\ud83e\udef6!!!! Agradecer\u00edamos sus reservas -nos ayudar\u00e1 para hacer previsi\u00f3n-,&#8230;<\/p>\n","protected":false},"author":6,"featured_media":691,"comment_status":"closed","ping_status":"closed","sticky":false,"template":"","format":"standard","meta":{"footnotes":""},"categories":[44],"tags":[],"class_list":["post-699","post","type-post","status-publish","format-standard","has-post-thumbnail","hentry","category-actos"],"yoast_head":"<!-- This site is optimized with the Yoast SEO plugin v27.4 - https:\/\/yoast.com\/product\/yoast-seo-wordpress\/ -->\n<title>Nos llega Sant Jordi \ud83c\udf39\ud83d\udcda - etetak.org<\/title>\n<meta name=\"robots\" content=\"index, follow, max-snippet:-1, max-image-preview:large, max-video-preview:-1\" \/>\n<link rel=\"canonical\" href=\"https:\/\/etetak.org\/es\/nos-llega-sant-jordi-\ud83c\udf39\ud83d\udcda\/\" \/>\n<meta property=\"og:locale\" content=\"es_ES\" \/>\n<meta property=\"og:type\" content=\"article\" \/>\n<meta property=\"og:title\" content=\"Nos llega Sant Jordi \ud83c\udf39\ud83d\udcda - etetak.org\" \/>\n<meta property=\"og:description\" content=\"Como cada a\u00f1o, tendremos la parada en la Plaza de la Espolsada de Les Franqueses donde presentaremos la nueva camiseta dise\u00f1ada altruistamente, por Marc Girbau\ud83c\udfa8, con todos sus tama\u00f1os, para ampliar su colecci\u00f3n\ud83e\udd29 Ya es la tercera\ud83e\udef6!!!! Agradecer\u00edamos sus reservas -nos ayudar\u00e1 para hacer previsi\u00f3n-,...\" \/>\n<meta property=\"og:url\" content=\"https:\/\/etetak.org\/es\/nos-llega-sant-jordi-\ud83c\udf39\ud83d\udcda\/\" \/>\n<meta property=\"og:site_name\" content=\"etetak.org\" \/>\n<meta property=\"article:publisher\" content=\"https:\/\/www.facebook.com\/etetak.org\" \/>\n<meta property=\"article:published_time\" content=\"2026-04-10T09:52:17+00:00\" \/>\n<meta property=\"og:image\" content=\"https:\/\/etetak.org\/wp-content\/uploads\/2026\/04\/imagen-1-768x1024.png\" \/>\n\t<meta property=\"og:image:width\" content=\"768\" \/>\n\t<meta property=\"og:image:height\" content=\"1024\" \/>\n\t<meta property=\"og:image:type\" content=\"image\/png\" \/>\n<meta name=\"author\" content=\"tecnic1\" \/>\n<meta name=\"twitter:card\" content=\"summary_large_image\" \/>\n<script type=\"application\/ld+json\" class=\"yoast-schema-graph\">{\"@context\":\"https:\\\/\\\/schema.org\",\"@graph\":[{\"@type\":\"Article\",\"@id\":\"https:\\\/\\\/etetak.org\\\/es\\\/nos-llega-sant-jordi-%f0%9f%8c%b9%f0%9f%93%9a\\\/#article\",\"isPartOf\":{\"@id\":\"https:\\\/\\\/etetak.org\\\/es\\\/nos-llega-sant-jordi-%f0%9f%8c%b9%f0%9f%93%9a\\\/\"},\"author\":{\"name\":\"tecnic1\",\"@id\":\"https:\\\/\\\/etetak.org\\\/#\\\/schema\\\/person\\\/ebf10816ba8f1b5ddd9f0b5b399708cb\"},\"headline\":\"Nos llega Sant Jordi \ud83c\udf39\ud83d\udcda\",\"datePublished\":\"2026-04-10T09:52:17+00:00\",\"mainEntityOfPage\":{\"@id\":\"https:\\\/\\\/etetak.org\\\/es\\\/nos-llega-sant-jordi-%f0%9f%8c%b9%f0%9f%93%9a\\\/\"},\"wordCount\":86,\"publisher\":{\"@id\":\"https:\\\/\\\/etetak.org\\\/#organization\"},\"image\":{\"@id\":\"https:\\\/\\\/etetak.org\\\/es\\\/nos-llega-sant-jordi-%f0%9f%8c%b9%f0%9f%93%9a\\\/#primaryimage\"},\"thumbnailUrl\":\"https:\\\/\\\/etetak.org\\\/wp-content\\\/uploads\\\/2026\\\/04\\\/imagen-1.png\",\"articleSection\":[\"Actos\"],\"inLanguage\":\"es\"},{\"@type\":\"WebPage\",\"@id\":\"https:\\\/\\\/etetak.org\\\/es\\\/nos-llega-sant-jordi-%f0%9f%8c%b9%f0%9f%93%9a\\\/\",\"url\":\"https:\\\/\\\/etetak.org\\\/es\\\/nos-llega-sant-jordi-%f0%9f%8c%b9%f0%9f%93%9a\\\/\",\"name\":\"Nos llega Sant Jordi \ud83c\udf39\ud83d\udcda - etetak.org\",\"isPartOf\":{\"@id\":\"https:\\\/\\\/etetak.org\\\/#website\"},\"primaryImageOfPage\":{\"@id\":\"https:\\\/\\\/etetak.org\\\/es\\\/nos-llega-sant-jordi-%f0%9f%8c%b9%f0%9f%93%9a\\\/#primaryimage\"},\"image\":{\"@id\":\"https:\\\/\\\/etetak.org\\\/es\\\/nos-llega-sant-jordi-%f0%9f%8c%b9%f0%9f%93%9a\\\/#primaryimage\"},\"thumbnailUrl\":\"https:\\\/\\\/etetak.org\\\/wp-content\\\/uploads\\\/2026\\\/04\\\/imagen-1.png\",\"datePublished\":\"2026-04-10T09:52:17+00:00\",\"breadcrumb\":{\"@id\":\"https:\\\/\\\/etetak.org\\\/es\\\/nos-llega-sant-jordi-%f0%9f%8c%b9%f0%9f%93%9a\\\/#breadcrumb\"},\"inLanguage\":\"es\",\"potentialAction\":[{\"@type\":\"ReadAction\",\"target\":[\"https:\\\/\\\/etetak.org\\\/es\\\/nos-llega-sant-jordi-%f0%9f%8c%b9%f0%9f%93%9a\\\/\"]}]},{\"@type\":\"ImageObject\",\"inLanguage\":\"es\",\"@id\":\"https:\\\/\\\/etetak.org\\\/es\\\/nos-llega-sant-jordi-%f0%9f%8c%b9%f0%9f%93%9a\\\/#primaryimage\",\"url\":\"https:\\\/\\\/etetak.org\\\/wp-content\\\/uploads\\\/2026\\\/04\\\/imagen-1.png\",\"contentUrl\":\"https:\\\/\\\/etetak.org\\\/wp-content\\\/uploads\\\/2026\\\/04\\\/imagen-1.png\",\"width\":1200,\"height\":1600},{\"@type\":\"BreadcrumbList\",\"@id\":\"https:\\\/\\\/etetak.org\\\/es\\\/nos-llega-sant-jordi-%f0%9f%8c%b9%f0%9f%93%9a\\\/#breadcrumb\",\"itemListElement\":[{\"@type\":\"ListItem\",\"position\":1,\"name\":\"Portada\",\"item\":\"https:\\\/\\\/etetak.org\\\/es\\\/\"},{\"@type\":\"ListItem\",\"position\":2,\"name\":\"Nos llega Sant Jordi \ud83c\udf39\ud83d\udcda\"}]},{\"@type\":\"WebSite\",\"@id\":\"https:\\\/\\\/etetak.org\\\/#website\",\"url\":\"https:\\\/\\\/etetak.org\\\/\",\"name\":\"etetak.org\",\"description\":\"Educaci\u00f3 i Sanitat per a Etetak\",\"publisher\":{\"@id\":\"https:\\\/\\\/etetak.org\\\/#organization\"},\"potentialAction\":[{\"@type\":\"SearchAction\",\"target\":{\"@type\":\"EntryPoint\",\"urlTemplate\":\"https:\\\/\\\/etetak.org\\\/?s={search_term_string}\"},\"query-input\":{\"@type\":\"PropertyValueSpecification\",\"valueRequired\":true,\"valueName\":\"search_term_string\"}}],\"inLanguage\":\"es\"},{\"@type\":\"Organization\",\"@id\":\"https:\\\/\\\/etetak.org\\\/#organization\",\"name\":\"etetak.org\",\"url\":\"https:\\\/\\\/etetak.org\\\/\",\"logo\":{\"@type\":\"ImageObject\",\"inLanguage\":\"es\",\"@id\":\"https:\\\/\\\/etetak.org\\\/#\\\/schema\\\/logo\\\/image\\\/\",\"url\":\"https:\\\/\\\/etetak.org\\\/wp-content\\\/uploads\\\/2024\\\/05\\\/logo.png\",\"contentUrl\":\"https:\\\/\\\/etetak.org\\\/wp-content\\\/uploads\\\/2024\\\/05\\\/logo.png\",\"width\":1500,\"height\":503,\"caption\":\"etetak.org\"},\"image\":{\"@id\":\"https:\\\/\\\/etetak.org\\\/#\\\/schema\\\/logo\\\/image\\\/\"},\"sameAs\":[\"https:\\\/\\\/www.facebook.com\\\/etetak.org\",\"https:\\\/\\\/www.instagram.com\\\/etetak_org\\\/\"]},{\"@type\":\"Person\",\"@id\":\"https:\\\/\\\/etetak.org\\\/#\\\/schema\\\/person\\\/ebf10816ba8f1b5ddd9f0b5b399708cb\",\"name\":\"tecnic1\",\"url\":\"https:\\\/\\\/etetak.org\\\/es\\\/author\\\/tecnic1\\\/\"}]}<\/script>\n<!-- \/ Yoast SEO plugin. -->","yoast_head_json":{"title":"Nos llega Sant Jordi \ud83c\udf39\ud83d\udcda - etetak.org","robots":{"index":"index","follow":"follow","max-snippet":"max-snippet:-1","max-image-preview":"max-image-preview:large","max-video-preview":"max-video-preview:-1"},"canonical":"https:\/\/etetak.org\/es\/nos-llega-sant-jordi-\ud83c\udf39\ud83d\udcda\/","og_locale":"es_ES","og_type":"article","og_title":"Nos llega Sant Jordi \ud83c\udf39\ud83d\udcda - etetak.org","og_description":"Como cada a\u00f1o, tendremos la parada en la Plaza de la Espolsada de Les Franqueses donde presentaremos la nueva camiseta dise\u00f1ada altruistamente, por Marc Girbau\ud83c\udfa8, con todos sus tama\u00f1os, para ampliar su colecci\u00f3n\ud83e\udd29 Ya es la tercera\ud83e\udef6!!!! Agradecer\u00edamos sus reservas -nos ayudar\u00e1 para hacer previsi\u00f3n-,...","og_url":"https:\/\/etetak.org\/es\/nos-llega-sant-jordi-\ud83c\udf39\ud83d\udcda\/","og_site_name":"etetak.org","article_publisher":"https:\/\/www.facebook.com\/etetak.org","article_published_time":"2026-04-10T09:52:17+00:00","og_image":[{"width":768,"height":1024,"url":"https:\/\/etetak.org\/wp-content\/uploads\/2026\/04\/imagen-1-768x1024.png","type":"image\/png"}],"author":"tecnic1","twitter_card":"summary_large_image","schema":{"@context":"https:\/\/schema.org","@graph":[{"@type":"Article","@id":"https:\/\/etetak.org\/es\/nos-llega-sant-jordi-%f0%9f%8c%b9%f0%9f%93%9a\/#article","isPartOf":{"@id":"https:\/\/etetak.org\/es\/nos-llega-sant-jordi-%f0%9f%8c%b9%f0%9f%93%9a\/"},"author":{"name":"tecnic1","@id":"https:\/\/etetak.org\/#\/schema\/person\/ebf10816ba8f1b5ddd9f0b5b399708cb"},"headline":"Nos llega Sant Jordi \ud83c\udf39\ud83d\udcda","datePublished":"2026-04-10T09:52:17+00:00","mainEntityOfPage":{"@id":"https:\/\/etetak.org\/es\/nos-llega-sant-jordi-%f0%9f%8c%b9%f0%9f%93%9a\/"},"wordCount":86,"publisher":{"@id":"https:\/\/etetak.org\/#organization"},"image":{"@id":"https:\/\/etetak.org\/es\/nos-llega-sant-jordi-%f0%9f%8c%b9%f0%9f%93%9a\/#primaryimage"},"thumbnailUrl":"https:\/\/etetak.org\/wp-content\/uploads\/2026\/04\/imagen-1.png","articleSection":["Actos"],"inLanguage":"es"},{"@type":"WebPage","@id":"https:\/\/etetak.org\/es\/nos-llega-sant-jordi-%f0%9f%8c%b9%f0%9f%93%9a\/","url":"https:\/\/etetak.org\/es\/nos-llega-sant-jordi-%f0%9f%8c%b9%f0%9f%93%9a\/","name":"Nos llega Sant Jordi \ud83c\udf39\ud83d\udcda - etetak.org","isPartOf":{"@id":"https:\/\/etetak.org\/#website"},"primaryImageOfPage":{"@id":"https:\/\/etetak.org\/es\/nos-llega-sant-jordi-%f0%9f%8c%b9%f0%9f%93%9a\/#primaryimage"},"image":{"@id":"https:\/\/etetak.org\/es\/nos-llega-sant-jordi-%f0%9f%8c%b9%f0%9f%93%9a\/#primaryimage"},"thumbnailUrl":"https:\/\/etetak.org\/wp-content\/uploads\/2026\/04\/imagen-1.png","datePublished":"2026-04-10T09:52:17+00:00","breadcrumb":{"@id":"https:\/\/etetak.org\/es\/nos-llega-sant-jordi-%f0%9f%8c%b9%f0%9f%93%9a\/#breadcrumb"},"inLanguage":"es","potentialAction":[{"@type":"ReadAction","target":["https:\/\/etetak.org\/es\/nos-llega-sant-jordi-%f0%9f%8c%b9%f0%9f%93%9a\/"]}]},{"@type":"ImageObject","inLanguage":"es","@id":"https:\/\/etetak.org\/es\/nos-llega-sant-jordi-%f0%9f%8c%b9%f0%9f%93%9a\/#primaryimage","url":"https:\/\/etetak.org\/wp-content\/uploads\/2026\/04\/imagen-1.png","contentUrl":"https:\/\/etetak.org\/wp-content\/uploads\/2026\/04\/imagen-1.png","width":1200,"height":1600},{"@type":"BreadcrumbList","@id":"https:\/\/etetak.org\/es\/nos-llega-sant-jordi-%f0%9f%8c%b9%f0%9f%93%9a\/#breadcrumb","itemListElement":[{"@type":"ListItem","position":1,"name":"Portada","item":"https:\/\/etetak.org\/es\/"},{"@type":"ListItem","position":2,"name":"Nos llega Sant Jordi \ud83c\udf39\ud83d\udcda"}]},{"@type":"WebSite","@id":"https:\/\/etetak.org\/#website","url":"https:\/\/etetak.org\/","name":"etetak.org","description":"Educaci\u00f3 i Sanitat per a Etetak","publisher":{"@id":"https:\/\/etetak.org\/#organization"},"potentialAction":[{"@type":"SearchAction","target":{"@type":"EntryPoint","urlTemplate":"https:\/\/etetak.org\/?s={search_term_string}"},"query-input":{"@type":"PropertyValueSpecification","valueRequired":true,"valueName":"search_term_string"}}],"inLanguage":"es"},{"@type":"Organization","@id":"https:\/\/etetak.org\/#organization","name":"etetak.org","url":"https:\/\/etetak.org\/","logo":{"@type":"ImageObject","inLanguage":"es","@id":"https:\/\/etetak.org\/#\/schema\/logo\/image\/","url":"https:\/\/etetak.org\/wp-content\/uploads\/2024\/05\/logo.png","contentUrl":"https:\/\/etetak.org\/wp-content\/uploads\/2024\/05\/logo.png","width":1500,"height":503,"caption":"etetak.org"},"image":{"@id":"https:\/\/etetak.org\/#\/schema\/logo\/image\/"},"sameAs":["https:\/\/www.facebook.com\/etetak.org","https:\/\/www.instagram.com\/etetak_org\/"]},{"@type":"Person","@id":"https:\/\/etetak.org\/#\/schema\/person\/ebf10816ba8f1b5ddd9f0b5b399708cb","name":"tecnic1","url":"https:\/\/etetak.org\/es\/author\/tecnic1\/"}]}},"_links":{"self":[{"href":"https:\/\/etetak.org\/es\/wp-json\/wp\/v2\/posts\/699","targetHints":{"allow":["GET"]}}],"collection":[{"href":"https:\/\/etetak.org\/es\/wp-json\/wp\/v2\/posts"}],"about":[{"href":"https:\/\/etetak.org\/es\/wp-json\/wp\/v2\/types\/post"}],"author":[{"embeddable":true,"href":"https:\/\/etetak.org\/es\/wp-json\/wp\/v2\/users\/6"}],"replies":[{"embeddable":true,"href":"https:\/\/etetak.org\/es\/wp-json\/wp\/v2\/comments?post=699"}],"version-history":[{"count":0,"href":"https:\/\/etetak.org\/es\/wp-json\/wp\/v2\/posts\/699\/revisions"}],"wp:featuredmedia":[{"embeddable":true,"href":"https:\/\/etetak.org\/es\/wp-json\/wp\/v2\/media\/691"}],"wp:attachment":[{"href":"https:\/\/etetak.org\/es\/wp-json\/wp\/v2\/media?parent=699"}],"wp:term":[{"taxonomy":"category","embeddable":true,"href":"https:\/\/etetak.org\/es\/wp-json\/wp\/v2\/categories?post=699"},{"taxonomy":"post_tag","embeddable":true,"href":"https:\/\/etetak.org\/es\/wp-json\/wp\/v2\/tags?post=699"}],"curies":[{"name":"wp","href":"https:\/\/api.w.org\/{rel}","templated":true}]}}