{"id":684,"date":"2026-04-02T09:45:16","date_gmt":"2026-04-02T07:45:16","guid":{"rendered":"https:\/\/etetak.org\/fin-del-segundo-trimestre-en-el-centro-educativo-para-todos-de-etetak\/"},"modified":"2026-04-02T09:45:16","modified_gmt":"2026-04-02T07:45:16","slug":"fin-del-segundo-trimestre-en-el-centro-educativo-para-todos-de-etetak","status":"publish","type":"post","link":"https:\/\/etetak.org\/es\/fin-del-segundo-trimestre-en-el-centro-educativo-para-todos-de-etetak\/","title":{"rendered":"Fin del segundo trimestre en el Centro Educativo Para Todos de Etetak"},"content":{"rendered":"<pre class=\"tw-data-text tw-text-large tw-ta\" dir=\"ltr\" tabindex=\"-1\" role=\"text\" data-placeholder=\"Traducci\u00f3n\" data-ved=\"2ahUKEwjV0e_g1c6TAxVqKvsDHereNhwQ3ewLegQIDBAW\" aria-label=\"Texto traducido: Projecte Etetak Infos Fi del segon trimestre al Centre Educatiu Per a Tots d'Etetak L'1 d'abril del 2026 va marcar, a Etetak, barri perif\u00e8ric de Yaund\u00e9, el lliurament dels butlletins escolars i l'inici de les vacances de Setmana Santa per als alumnes del Centre Educatiu Per a Tothom. Una etapa simb\u00f2lica que va posar fi a un segon trimestre considerat \u00abmolt enriquidor\u00bb per l?equip pedag\u00f2gic. Durant tres mesos, els nens van rec\u00f3rrer di\u00e0riament els turons de Mont Messa per arribar al centre educatiu, on es beneficien gratu\u00eftament d'una formaci\u00f3 impartida per professors i responsables compromesos. Amb motiu d'aquesta pausa, la direcci\u00f3 va expressar els millors desitjos de feli\u00e7 Setmana Santa a la comunitat cristiana i va donar cita als alumnes d'aqu\u00ed dues setmanes per a la represa del tercer trimestre. FULM\"><span class=\"Y2IQFc\" lang=\"ca\">El 1 de abril de 2026 marc\u00f3, en Etetak, barrio perif\u00e9rico de Yaund\u00e9, la entrega de los boletines escolares y el inicio de las vacaciones de Semana Santa para los alumnos del Centro Educativo Para Todos. Una etapa simb\u00f3lica que acab\u00f3 con un segundo trimestre considerado \u00abmuy enriquecedor\u00bb por el equipo pedag\u00f3gico.\n\nDurante tres meses, los ni\u00f1os recorrieron a diario las colinas de Mont Messa para llegar al centro educativo, donde se benefician gratuitamente de una formaci\u00f3n impartida por profesores y responsables comprometidos.\n\nCon motivo de esta pausa, la direcci\u00f3n expres\u00f3 los mejores deseos de feliz Semana Santa a la comunidad cristiana y dio cita a los alumnos en dos semanas para la reanudaci\u00f3n del tercer trimestre.\n\nFULM\n\n<\/span><\/pre>\n\n\t\t<style type=\"text\/css\">\n\t\t\t#gallery-1 {\n\t\t\t\tmargin: auto;\n\t\t\t}\n\t\t\t#gallery-1 .gallery-item {\n\t\t\t\tfloat: left;\n\t\t\t\tmargin-top: 10px;\n\t\t\t\ttext-align: center;\n\t\t\t\twidth: 33%;\n\t\t\t}\n\t\t\t#gallery-1 img {\n\t\t\t\tborder: 2px solid #cfcfcf;\n\t\t\t}\n\t\t\t#gallery-1 .gallery-caption {\n\t\t\t\tmargin-left: 0;\n\t\t\t}\n\t\t\t\/* see gallery_shortcode() in wp-includes\/media.php *\/\n\t\t<\/style>\n\t\t<div id='gallery-1' class='gallery galleryid-684 gallery-columns-3 gallery-size-thumbnail'><dl class='gallery-item'>\n\t\t\t<dt class='gallery-icon landscape'>\n\t\t\t\t<a href='https:\/\/etetak.org\/es\/fin-del-segundo-trimestre-en-el-centro-educativo-para-todos-de-etetak\/whatsapp-image-2026-04-02-at-09-07-32-1-2\/'><img loading=\"lazy\" decoding=\"async\" width=\"150\" height=\"150\" src=\"https:\/\/etetak.org\/wp-content\/uploads\/2026\/04\/WhatsApp-Image-2026-04-02-at-09.07.32-1-150x150.jpeg\" class=\"attachment-thumbnail size-thumbnail\" alt=\"\" srcset=\"https:\/\/etetak.org\/wp-content\/uploads\/2026\/04\/WhatsApp-Image-2026-04-02-at-09.07.32-1-150x150.jpeg 150w, https:\/\/etetak.org\/wp-content\/uploads\/2026\/04\/WhatsApp-Image-2026-04-02-at-09.07.32-1-570x570.jpeg 570w, https:\/\/etetak.org\/wp-content\/uploads\/2026\/04\/WhatsApp-Image-2026-04-02-at-09.07.32-1-500x500.jpeg 500w, https:\/\/etetak.org\/wp-content\/uploads\/2026\/04\/WhatsApp-Image-2026-04-02-at-09.07.32-1-650x650.jpeg 650w\" sizes=\"auto, (max-width: 150px) 100vw, 150px\" \/><\/a>\n\t\t\t<\/dt><\/dl><dl class='gallery-item'>\n\t\t\t<dt class='gallery-icon landscape'>\n\t\t\t\t<a href='https:\/\/etetak.org\/es\/fin-del-segundo-trimestre-en-el-centro-educativo-para-todos-de-etetak\/whatsapp-image-2026-04-02-at-09-07-32-2-2\/'><img loading=\"lazy\" decoding=\"async\" width=\"150\" height=\"150\" src=\"https:\/\/etetak.org\/wp-content\/uploads\/2026\/04\/WhatsApp-Image-2026-04-02-at-09.07.32-2-150x150.jpeg\" class=\"attachment-thumbnail size-thumbnail\" alt=\"\" srcset=\"https:\/\/etetak.org\/wp-content\/uploads\/2026\/04\/WhatsApp-Image-2026-04-02-at-09.07.32-2-150x150.jpeg 150w, https:\/\/etetak.org\/wp-content\/uploads\/2026\/04\/WhatsApp-Image-2026-04-02-at-09.07.32-2-570x570.jpeg 570w, https:\/\/etetak.org\/wp-content\/uploads\/2026\/04\/WhatsApp-Image-2026-04-02-at-09.07.32-2-500x500.jpeg 500w, https:\/\/etetak.org\/wp-content\/uploads\/2026\/04\/WhatsApp-Image-2026-04-02-at-09.07.32-2-650x650.jpeg 650w\" sizes=\"auto, (max-width: 150px) 100vw, 150px\" \/><\/a>\n\t\t\t<\/dt><\/dl><dl class='gallery-item'>\n\t\t\t<dt class='gallery-icon landscape'>\n\t\t\t\t<a href='https:\/\/etetak.org\/es\/fin-del-segundo-trimestre-en-el-centro-educativo-para-todos-de-etetak\/whatsapp-image-2026-04-02-at-09-07-32-3\/'><img loading=\"lazy\" decoding=\"async\" width=\"150\" height=\"150\" src=\"https:\/\/etetak.org\/wp-content\/uploads\/2026\/04\/WhatsApp-Image-2026-04-02-at-09.07.32-150x150.jpeg\" class=\"attachment-thumbnail size-thumbnail\" alt=\"\" srcset=\"https:\/\/etetak.org\/wp-content\/uploads\/2026\/04\/WhatsApp-Image-2026-04-02-at-09.07.32-150x150.jpeg 150w, https:\/\/etetak.org\/wp-content\/uploads\/2026\/04\/WhatsApp-Image-2026-04-02-at-09.07.32-570x570.jpeg 570w, https:\/\/etetak.org\/wp-content\/uploads\/2026\/04\/WhatsApp-Image-2026-04-02-at-09.07.32-500x500.jpeg 500w, https:\/\/etetak.org\/wp-content\/uploads\/2026\/04\/WhatsApp-Image-2026-04-02-at-09.07.32-650x650.jpeg 650w\" sizes=\"auto, (max-width: 150px) 100vw, 150px\" \/><\/a>\n\t\t\t<\/dt><\/dl><br style=\"clear: both\" \/>\n\t\t<\/div>\n\n<pre id=\"tw-target-text\" class=\"tw-data-text tw-text-large tw-ta\" dir=\"ltr\" tabindex=\"-1\" role=\"text\" data-placeholder=\"Traducci\u00f3n\" data-ved=\"2ahUKEwjV0e_g1c6TAxVqKvsDHereNhwQ3ewLegQIDBAW\" aria-label=\"Texto traducido: Projecte Etetak Infos Fi del segon trimestre al Centre Educatiu Per a Tots d'Etetak L'1 d'abril del 2026 va marcar, a Etetak, barri perif\u00e8ric de Yaund\u00e9, el lliurament dels butlletins escolars i l'inici de les vacances de Setmana Santa per als alumnes del Centre Educatiu Per a Tothom. Una etapa simb\u00f2lica que va posar fi a un segon trimestre considerat \u00abmolt enriquidor\u00bb per l?equip pedag\u00f2gic. Durant tres mesos, els nens van rec\u00f3rrer di\u00e0riament els turons de Mont Messa per arribar al centre educatiu, on es beneficien gratu\u00eftament d'una formaci\u00f3 impartida per professors i responsables compromesos. Amb motiu d'aquesta pausa, la direcci\u00f3 va expressar els millors desitjos de feli\u00e7 Setmana Santa a la comunitat cristiana i va donar cita als alumnes d'aqu\u00ed dues setmanes per a la represa del tercer trimestre. FULM\"><\/pre>\n","protected":false},"excerpt":{"rendered":"<p>El 1 de abril de 2026 marc\u00f3, en Etetak, barrio perif\u00e9rico de Yaund\u00e9, la entrega de los boletines escolares y el inicio de las vacaciones de Semana Santa para los alumnos del Centro Educativo Para Todos. Una etapa simb\u00f3lica que acab\u00f3 con un segundo trimestre&#8230;<\/p>\n","protected":false},"author":6,"featured_media":676,"comment_status":"closed","ping_status":"open","sticky":false,"template":"","format":"standard","meta":{"footnotes":""},"categories":[36],"tags":[],"class_list":["post-684","post","type-post","status-publish","format-standard","has-post-thumbnail","hentry","category-educacion"],"yoast_head":"<!-- This site is optimized with the Yoast SEO plugin v27.4 - https:\/\/yoast.com\/product\/yoast-seo-wordpress\/ -->\n<title>Fin del segundo trimestre en el Centro Educativo Para Todos de Etetak - etetak.org<\/title>\n<meta name=\"robots\" content=\"index, follow, max-snippet:-1, max-image-preview:large, max-video-preview:-1\" \/>\n<link rel=\"canonical\" href=\"https:\/\/etetak.org\/es\/fin-del-segundo-trimestre-en-el-centro-educativo-para-todos-de-etetak\/\" \/>\n<meta property=\"og:locale\" content=\"es_ES\" \/>\n<meta property=\"og:type\" content=\"article\" \/>\n<meta property=\"og:title\" content=\"Fin del segundo trimestre en el Centro Educativo Para Todos de Etetak - etetak.org\" \/>\n<meta property=\"og:description\" content=\"El 1 de abril de 2026 marc\u00f3, en Etetak, barrio perif\u00e9rico de Yaund\u00e9, la entrega de los boletines escolares y el inicio de las vacaciones de Semana Santa para los alumnos del Centro Educativo Para Todos. Una etapa simb\u00f3lica que acab\u00f3 con un segundo trimestre...\" \/>\n<meta property=\"og:url\" content=\"https:\/\/etetak.org\/es\/fin-del-segundo-trimestre-en-el-centro-educativo-para-todos-de-etetak\/\" \/>\n<meta property=\"og:site_name\" content=\"etetak.org\" \/>\n<meta property=\"article:publisher\" content=\"https:\/\/www.facebook.com\/etetak.org\" \/>\n<meta property=\"article:published_time\" content=\"2026-04-02T07:45:16+00:00\" \/>\n<meta property=\"og:image\" content=\"https:\/\/etetak.org\/wp-content\/uploads\/2026\/04\/WhatsApp-Image-2026-04-02-at-09.07.32-2.jpeg\" \/>\n\t<meta property=\"og:image:width\" content=\"1280\" \/>\n\t<meta property=\"og:image:height\" content=\"960\" \/>\n\t<meta property=\"og:image:type\" content=\"image\/jpeg\" \/>\n<meta name=\"author\" content=\"tecnic1\" \/>\n<meta name=\"twitter:card\" content=\"summary_large_image\" \/>\n<script type=\"application\/ld+json\" class=\"yoast-schema-graph\">{\"@context\":\"https:\\\/\\\/schema.org\",\"@graph\":[{\"@type\":\"Article\",\"@id\":\"https:\\\/\\\/etetak.org\\\/es\\\/fin-del-segundo-trimestre-en-el-centro-educativo-para-todos-de-etetak\\\/#article\",\"isPartOf\":{\"@id\":\"https:\\\/\\\/etetak.org\\\/es\\\/fin-del-segundo-trimestre-en-el-centro-educativo-para-todos-de-etetak\\\/\"},\"author\":{\"name\":\"tecnic1\",\"@id\":\"https:\\\/\\\/etetak.org\\\/#\\\/schema\\\/person\\\/ebf10816ba8f1b5ddd9f0b5b399708cb\"},\"headline\":\"Fin del segundo trimestre en el Centro Educativo Para Todos de Etetak\",\"datePublished\":\"2026-04-02T07:45:16+00:00\",\"mainEntityOfPage\":{\"@id\":\"https:\\\/\\\/etetak.org\\\/es\\\/fin-del-segundo-trimestre-en-el-centro-educativo-para-todos-de-etetak\\\/\"},\"wordCount\":14,\"publisher\":{\"@id\":\"https:\\\/\\\/etetak.org\\\/#organization\"},\"image\":{\"@id\":\"https:\\\/\\\/etetak.org\\\/es\\\/fin-del-segundo-trimestre-en-el-centro-educativo-para-todos-de-etetak\\\/#primaryimage\"},\"thumbnailUrl\":\"https:\\\/\\\/etetak.org\\\/wp-content\\\/uploads\\\/2026\\\/04\\\/WhatsApp-Image-2026-04-02-at-09.07.32-2.jpeg\",\"articleSection\":[\"Educaci\u00f3n\"],\"inLanguage\":\"es\"},{\"@type\":\"WebPage\",\"@id\":\"https:\\\/\\\/etetak.org\\\/es\\\/fin-del-segundo-trimestre-en-el-centro-educativo-para-todos-de-etetak\\\/\",\"url\":\"https:\\\/\\\/etetak.org\\\/es\\\/fin-del-segundo-trimestre-en-el-centro-educativo-para-todos-de-etetak\\\/\",\"name\":\"Fin del segundo trimestre en el Centro Educativo Para Todos de Etetak - etetak.org\",\"isPartOf\":{\"@id\":\"https:\\\/\\\/etetak.org\\\/#website\"},\"primaryImageOfPage\":{\"@id\":\"https:\\\/\\\/etetak.org\\\/es\\\/fin-del-segundo-trimestre-en-el-centro-educativo-para-todos-de-etetak\\\/#primaryimage\"},\"image\":{\"@id\":\"https:\\\/\\\/etetak.org\\\/es\\\/fin-del-segundo-trimestre-en-el-centro-educativo-para-todos-de-etetak\\\/#primaryimage\"},\"thumbnailUrl\":\"https:\\\/\\\/etetak.org\\\/wp-content\\\/uploads\\\/2026\\\/04\\\/WhatsApp-Image-2026-04-02-at-09.07.32-2.jpeg\",\"datePublished\":\"2026-04-02T07:45:16+00:00\",\"breadcrumb\":{\"@id\":\"https:\\\/\\\/etetak.org\\\/es\\\/fin-del-segundo-trimestre-en-el-centro-educativo-para-todos-de-etetak\\\/#breadcrumb\"},\"inLanguage\":\"es\",\"potentialAction\":[{\"@type\":\"ReadAction\",\"target\":[\"https:\\\/\\\/etetak.org\\\/es\\\/fin-del-segundo-trimestre-en-el-centro-educativo-para-todos-de-etetak\\\/\"]}]},{\"@type\":\"ImageObject\",\"inLanguage\":\"es\",\"@id\":\"https:\\\/\\\/etetak.org\\\/es\\\/fin-del-segundo-trimestre-en-el-centro-educativo-para-todos-de-etetak\\\/#primaryimage\",\"url\":\"https:\\\/\\\/etetak.org\\\/wp-content\\\/uploads\\\/2026\\\/04\\\/WhatsApp-Image-2026-04-02-at-09.07.32-2.jpeg\",\"contentUrl\":\"https:\\\/\\\/etetak.org\\\/wp-content\\\/uploads\\\/2026\\\/04\\\/WhatsApp-Image-2026-04-02-at-09.07.32-2.jpeg\",\"width\":1280,\"height\":960},{\"@type\":\"BreadcrumbList\",\"@id\":\"https:\\\/\\\/etetak.org\\\/es\\\/fin-del-segundo-trimestre-en-el-centro-educativo-para-todos-de-etetak\\\/#breadcrumb\",\"itemListElement\":[{\"@type\":\"ListItem\",\"position\":1,\"name\":\"Portada\",\"item\":\"https:\\\/\\\/etetak.org\\\/es\\\/\"},{\"@type\":\"ListItem\",\"position\":2,\"name\":\"Fin del segundo trimestre en el Centro Educativo Para Todos de Etetak\"}]},{\"@type\":\"WebSite\",\"@id\":\"https:\\\/\\\/etetak.org\\\/#website\",\"url\":\"https:\\\/\\\/etetak.org\\\/\",\"name\":\"etetak.org\",\"description\":\"Educaci\u00f3 i Sanitat per a Etetak\",\"publisher\":{\"@id\":\"https:\\\/\\\/etetak.org\\\/#organization\"},\"potentialAction\":[{\"@type\":\"SearchAction\",\"target\":{\"@type\":\"EntryPoint\",\"urlTemplate\":\"https:\\\/\\\/etetak.org\\\/?s={search_term_string}\"},\"query-input\":{\"@type\":\"PropertyValueSpecification\",\"valueRequired\":true,\"valueName\":\"search_term_string\"}}],\"inLanguage\":\"es\"},{\"@type\":\"Organization\",\"@id\":\"https:\\\/\\\/etetak.org\\\/#organization\",\"name\":\"etetak.org\",\"url\":\"https:\\\/\\\/etetak.org\\\/\",\"logo\":{\"@type\":\"ImageObject\",\"inLanguage\":\"es\",\"@id\":\"https:\\\/\\\/etetak.org\\\/#\\\/schema\\\/logo\\\/image\\\/\",\"url\":\"https:\\\/\\\/etetak.org\\\/wp-content\\\/uploads\\\/2024\\\/05\\\/logo.png\",\"contentUrl\":\"https:\\\/\\\/etetak.org\\\/wp-content\\\/uploads\\\/2024\\\/05\\\/logo.png\",\"width\":1500,\"height\":503,\"caption\":\"etetak.org\"},\"image\":{\"@id\":\"https:\\\/\\\/etetak.org\\\/#\\\/schema\\\/logo\\\/image\\\/\"},\"sameAs\":[\"https:\\\/\\\/www.facebook.com\\\/etetak.org\",\"https:\\\/\\\/www.instagram.com\\\/etetak_org\\\/\"]},{\"@type\":\"Person\",\"@id\":\"https:\\\/\\\/etetak.org\\\/#\\\/schema\\\/person\\\/ebf10816ba8f1b5ddd9f0b5b399708cb\",\"name\":\"tecnic1\",\"url\":\"https:\\\/\\\/etetak.org\\\/es\\\/author\\\/tecnic1\\\/\"}]}<\/script>\n<!-- \/ Yoast SEO plugin. -->","yoast_head_json":{"title":"Fin del segundo trimestre en el Centro Educativo Para Todos de Etetak - etetak.org","robots":{"index":"index","follow":"follow","max-snippet":"max-snippet:-1","max-image-preview":"max-image-preview:large","max-video-preview":"max-video-preview:-1"},"canonical":"https:\/\/etetak.org\/es\/fin-del-segundo-trimestre-en-el-centro-educativo-para-todos-de-etetak\/","og_locale":"es_ES","og_type":"article","og_title":"Fin del segundo trimestre en el Centro Educativo Para Todos de Etetak - etetak.org","og_description":"El 1 de abril de 2026 marc\u00f3, en Etetak, barrio perif\u00e9rico de Yaund\u00e9, la entrega de los boletines escolares y el inicio de las vacaciones de Semana Santa para los alumnos del Centro Educativo Para Todos. Una etapa simb\u00f3lica que acab\u00f3 con un segundo trimestre...","og_url":"https:\/\/etetak.org\/es\/fin-del-segundo-trimestre-en-el-centro-educativo-para-todos-de-etetak\/","og_site_name":"etetak.org","article_publisher":"https:\/\/www.facebook.com\/etetak.org","article_published_time":"2026-04-02T07:45:16+00:00","og_image":[{"width":1280,"height":960,"url":"https:\/\/etetak.org\/wp-content\/uploads\/2026\/04\/WhatsApp-Image-2026-04-02-at-09.07.32-2.jpeg","type":"image\/jpeg"}],"author":"tecnic1","twitter_card":"summary_large_image","schema":{"@context":"https:\/\/schema.org","@graph":[{"@type":"Article","@id":"https:\/\/etetak.org\/es\/fin-del-segundo-trimestre-en-el-centro-educativo-para-todos-de-etetak\/#article","isPartOf":{"@id":"https:\/\/etetak.org\/es\/fin-del-segundo-trimestre-en-el-centro-educativo-para-todos-de-etetak\/"},"author":{"name":"tecnic1","@id":"https:\/\/etetak.org\/#\/schema\/person\/ebf10816ba8f1b5ddd9f0b5b399708cb"},"headline":"Fin del segundo trimestre en el Centro Educativo Para Todos de Etetak","datePublished":"2026-04-02T07:45:16+00:00","mainEntityOfPage":{"@id":"https:\/\/etetak.org\/es\/fin-del-segundo-trimestre-en-el-centro-educativo-para-todos-de-etetak\/"},"wordCount":14,"publisher":{"@id":"https:\/\/etetak.org\/#organization"},"image":{"@id":"https:\/\/etetak.org\/es\/fin-del-segundo-trimestre-en-el-centro-educativo-para-todos-de-etetak\/#primaryimage"},"thumbnailUrl":"https:\/\/etetak.org\/wp-content\/uploads\/2026\/04\/WhatsApp-Image-2026-04-02-at-09.07.32-2.jpeg","articleSection":["Educaci\u00f3n"],"inLanguage":"es"},{"@type":"WebPage","@id":"https:\/\/etetak.org\/es\/fin-del-segundo-trimestre-en-el-centro-educativo-para-todos-de-etetak\/","url":"https:\/\/etetak.org\/es\/fin-del-segundo-trimestre-en-el-centro-educativo-para-todos-de-etetak\/","name":"Fin del segundo trimestre en el Centro Educativo Para Todos de Etetak - etetak.org","isPartOf":{"@id":"https:\/\/etetak.org\/#website"},"primaryImageOfPage":{"@id":"https:\/\/etetak.org\/es\/fin-del-segundo-trimestre-en-el-centro-educativo-para-todos-de-etetak\/#primaryimage"},"image":{"@id":"https:\/\/etetak.org\/es\/fin-del-segundo-trimestre-en-el-centro-educativo-para-todos-de-etetak\/#primaryimage"},"thumbnailUrl":"https:\/\/etetak.org\/wp-content\/uploads\/2026\/04\/WhatsApp-Image-2026-04-02-at-09.07.32-2.jpeg","datePublished":"2026-04-02T07:45:16+00:00","breadcrumb":{"@id":"https:\/\/etetak.org\/es\/fin-del-segundo-trimestre-en-el-centro-educativo-para-todos-de-etetak\/#breadcrumb"},"inLanguage":"es","potentialAction":[{"@type":"ReadAction","target":["https:\/\/etetak.org\/es\/fin-del-segundo-trimestre-en-el-centro-educativo-para-todos-de-etetak\/"]}]},{"@type":"ImageObject","inLanguage":"es","@id":"https:\/\/etetak.org\/es\/fin-del-segundo-trimestre-en-el-centro-educativo-para-todos-de-etetak\/#primaryimage","url":"https:\/\/etetak.org\/wp-content\/uploads\/2026\/04\/WhatsApp-Image-2026-04-02-at-09.07.32-2.jpeg","contentUrl":"https:\/\/etetak.org\/wp-content\/uploads\/2026\/04\/WhatsApp-Image-2026-04-02-at-09.07.32-2.jpeg","width":1280,"height":960},{"@type":"BreadcrumbList","@id":"https:\/\/etetak.org\/es\/fin-del-segundo-trimestre-en-el-centro-educativo-para-todos-de-etetak\/#breadcrumb","itemListElement":[{"@type":"ListItem","position":1,"name":"Portada","item":"https:\/\/etetak.org\/es\/"},{"@type":"ListItem","position":2,"name":"Fin del segundo trimestre en el Centro Educativo Para Todos de Etetak"}]},{"@type":"WebSite","@id":"https:\/\/etetak.org\/#website","url":"https:\/\/etetak.org\/","name":"etetak.org","description":"Educaci\u00f3 i Sanitat per a Etetak","publisher":{"@id":"https:\/\/etetak.org\/#organization"},"potentialAction":[{"@type":"SearchAction","target":{"@type":"EntryPoint","urlTemplate":"https:\/\/etetak.org\/?s={search_term_string}"},"query-input":{"@type":"PropertyValueSpecification","valueRequired":true,"valueName":"search_term_string"}}],"inLanguage":"es"},{"@type":"Organization","@id":"https:\/\/etetak.org\/#organization","name":"etetak.org","url":"https:\/\/etetak.org\/","logo":{"@type":"ImageObject","inLanguage":"es","@id":"https:\/\/etetak.org\/#\/schema\/logo\/image\/","url":"https:\/\/etetak.org\/wp-content\/uploads\/2024\/05\/logo.png","contentUrl":"https:\/\/etetak.org\/wp-content\/uploads\/2024\/05\/logo.png","width":1500,"height":503,"caption":"etetak.org"},"image":{"@id":"https:\/\/etetak.org\/#\/schema\/logo\/image\/"},"sameAs":["https:\/\/www.facebook.com\/etetak.org","https:\/\/www.instagram.com\/etetak_org\/"]},{"@type":"Person","@id":"https:\/\/etetak.org\/#\/schema\/person\/ebf10816ba8f1b5ddd9f0b5b399708cb","name":"tecnic1","url":"https:\/\/etetak.org\/es\/author\/tecnic1\/"}]}},"_links":{"self":[{"href":"https:\/\/etetak.org\/es\/wp-json\/wp\/v2\/posts\/684","targetHints":{"allow":["GET"]}}],"collection":[{"href":"https:\/\/etetak.org\/es\/wp-json\/wp\/v2\/posts"}],"about":[{"href":"https:\/\/etetak.org\/es\/wp-json\/wp\/v2\/types\/post"}],"author":[{"embeddable":true,"href":"https:\/\/etetak.org\/es\/wp-json\/wp\/v2\/users\/6"}],"replies":[{"embeddable":true,"href":"https:\/\/etetak.org\/es\/wp-json\/wp\/v2\/comments?post=684"}],"version-history":[{"count":0,"href":"https:\/\/etetak.org\/es\/wp-json\/wp\/v2\/posts\/684\/revisions"}],"wp:featuredmedia":[{"embeddable":true,"href":"https:\/\/etetak.org\/es\/wp-json\/wp\/v2\/media\/676"}],"wp:attachment":[{"href":"https:\/\/etetak.org\/es\/wp-json\/wp\/v2\/media?parent=684"}],"wp:term":[{"taxonomy":"category","embeddable":true,"href":"https:\/\/etetak.org\/es\/wp-json\/wp\/v2\/categories?post=684"},{"taxonomy":"post_tag","embeddable":true,"href":"https:\/\/etetak.org\/es\/wp-json\/wp\/v2\/tags?post=684"}],"curies":[{"name":"wp","href":"https:\/\/api.w.org\/{rel}","templated":true}]}}