{"id":604,"date":"2026-03-09T10:47:50","date_gmt":"2026-03-09T09:47:50","guid":{"rendered":"https:\/\/etetak.org\/el-pozo-de-etetak-vuelve-a-funcionar-tras-el-reemplazo-de-la-bomba\/"},"modified":"2026-03-09T10:47:50","modified_gmt":"2026-03-09T09:47:50","slug":"el-pozo-de-etetak-vuelve-a-funcionar-tras-el-reemplazo-de-la-bomba","status":"publish","type":"post","link":"https:\/\/etetak.org\/es\/el-pozo-de-etetak-vuelve-a-funcionar-tras-el-reemplazo-de-la-bomba\/","title":{"rendered":"El pozo de Etetak vuelve a funcionar tras el reemplazo de la bomba"},"content":{"rendered":"<p>El pozo del barrio Etetak, en Yaound\u00e9, fue puesto nuevamente en funcionamiento este s\u00e1bado 7 de marzo de 2026, tras el reemplazo de su motobomba, que se hab\u00eda averiado debido a la fuerte utilizaci\u00f3n provocada por la temporada seca. La disminuci\u00f3n del nivel de las aguas subterr\u00e1neas y la reducci\u00f3n del caudal del pozo hab\u00edan llevado a los habitantes a recurrir de manera intensiva a esta fuente de agua potable. <\/p>\n<p>Ante la aver\u00eda, se llev\u00f3 a cabo una r\u00e1pida concertaci\u00f3n entre el coordinador local del proyecto, William Mbianda, y Pere Bufi, representante en Catalu\u00f1a de la asociaci\u00f3n Educaci\u00f3 Sanitat Etetak. La intervenci\u00f3n permiti\u00f3 sustituir la bomba y restablecer el servicio. <\/p>\n<p>Los responsables del proyecto esperan que en los pr\u00f3ximos d\u00edas la instalaci\u00f3n recupere plenamente su funcionamiento normal, garantizando nuevamente un suministro regular de agua potable para los habitantes del barrio Etetak.<\/p>\n<p>Fran\u00e7ois Urbain LEUGA MOUMI<\/p>\n<p>&nbsp;<\/p>\n\n\t\t<style type=\"text\/css\">\n\t\t\t#gallery-1 {\n\t\t\t\tmargin: auto;\n\t\t\t}\n\t\t\t#gallery-1 .gallery-item {\n\t\t\t\tfloat: left;\n\t\t\t\tmargin-top: 10px;\n\t\t\t\ttext-align: center;\n\t\t\t\twidth: 33%;\n\t\t\t}\n\t\t\t#gallery-1 img {\n\t\t\t\tborder: 2px solid #cfcfcf;\n\t\t\t}\n\t\t\t#gallery-1 .gallery-caption {\n\t\t\t\tmargin-left: 0;\n\t\t\t}\n\t\t\t\/* see gallery_shortcode() in wp-includes\/media.php *\/\n\t\t<\/style>\n\t\t<div id='gallery-1' class='gallery galleryid-604 gallery-columns-3 gallery-size-thumbnail'><dl class='gallery-item'>\n\t\t\t<dt class='gallery-icon portrait'>\n\t\t\t\t<a href='https:\/\/etetak.org\/es\/el-pozo-de-etetak-vuelve-a-funcionar-tras-el-reemplazo-de-la-bomba\/whatsapp-image-2026-03-08-at-00-06-41-2\/'><img loading=\"lazy\" decoding=\"async\" width=\"150\" height=\"150\" src=\"https:\/\/etetak.org\/wp-content\/uploads\/2026\/03\/WhatsApp-Image-2026-03-08-at-00.06.41-150x150.jpeg\" class=\"attachment-thumbnail size-thumbnail\" alt=\"\" srcset=\"https:\/\/etetak.org\/wp-content\/uploads\/2026\/03\/WhatsApp-Image-2026-03-08-at-00.06.41-150x150.jpeg 150w, https:\/\/etetak.org\/wp-content\/uploads\/2026\/03\/WhatsApp-Image-2026-03-08-at-00.06.41-570x570.jpeg 570w, https:\/\/etetak.org\/wp-content\/uploads\/2026\/03\/WhatsApp-Image-2026-03-08-at-00.06.41-500x500.jpeg 500w, https:\/\/etetak.org\/wp-content\/uploads\/2026\/03\/WhatsApp-Image-2026-03-08-at-00.06.41-650x650.jpeg 650w\" sizes=\"auto, (max-width: 150px) 100vw, 150px\" \/><\/a>\n\t\t\t<\/dt><\/dl><dl class='gallery-item'>\n\t\t\t<dt class='gallery-icon portrait'>\n\t\t\t\t<a href='https:\/\/etetak.org\/es\/el-pozo-de-etetak-vuelve-a-funcionar-tras-el-reemplazo-de-la-bomba\/whatsapp-image-2026-03-08-at-00-06-41-2-2\/'><img loading=\"lazy\" decoding=\"async\" width=\"150\" height=\"150\" src=\"https:\/\/etetak.org\/wp-content\/uploads\/2026\/03\/WhatsApp-Image-2026-03-08-at-00.06.41-2-150x150.jpeg\" class=\"attachment-thumbnail size-thumbnail\" alt=\"\" srcset=\"https:\/\/etetak.org\/wp-content\/uploads\/2026\/03\/WhatsApp-Image-2026-03-08-at-00.06.41-2-150x150.jpeg 150w, https:\/\/etetak.org\/wp-content\/uploads\/2026\/03\/WhatsApp-Image-2026-03-08-at-00.06.41-2-570x570.jpeg 570w, https:\/\/etetak.org\/wp-content\/uploads\/2026\/03\/WhatsApp-Image-2026-03-08-at-00.06.41-2-500x500.jpeg 500w, https:\/\/etetak.org\/wp-content\/uploads\/2026\/03\/WhatsApp-Image-2026-03-08-at-00.06.41-2-650x650.jpeg 650w\" sizes=\"auto, (max-width: 150px) 100vw, 150px\" \/><\/a>\n\t\t\t<\/dt><\/dl><dl class='gallery-item'>\n\t\t\t<dt class='gallery-icon portrait'>\n\t\t\t\t<a href='https:\/\/etetak.org\/es\/el-pozo-de-etetak-vuelve-a-funcionar-tras-el-reemplazo-de-la-bomba\/whatsapp-image-2026-03-08-at-00-06-41-1-2\/'><img loading=\"lazy\" decoding=\"async\" width=\"150\" height=\"150\" src=\"https:\/\/etetak.org\/wp-content\/uploads\/2026\/03\/WhatsApp-Image-2026-03-08-at-00.06.41-1-150x150.jpeg\" class=\"attachment-thumbnail size-thumbnail\" alt=\"\" srcset=\"https:\/\/etetak.org\/wp-content\/uploads\/2026\/03\/WhatsApp-Image-2026-03-08-at-00.06.41-1-150x150.jpeg 150w, https:\/\/etetak.org\/wp-content\/uploads\/2026\/03\/WhatsApp-Image-2026-03-08-at-00.06.41-1-570x570.jpeg 570w, https:\/\/etetak.org\/wp-content\/uploads\/2026\/03\/WhatsApp-Image-2026-03-08-at-00.06.41-1-500x500.jpeg 500w, https:\/\/etetak.org\/wp-content\/uploads\/2026\/03\/WhatsApp-Image-2026-03-08-at-00.06.41-1-650x650.jpeg 650w\" sizes=\"auto, (max-width: 150px) 100vw, 150px\" \/><\/a>\n\t\t\t<\/dt><\/dl><br style=\"clear: both\" \/><dl class='gallery-item'>\n\t\t\t<dt class='gallery-icon portrait'>\n\t\t\t\t<a href='https:\/\/etetak.org\/es\/el-pozo-de-etetak-vuelve-a-funcionar-tras-el-reemplazo-de-la-bomba\/whatsapp-image-2026-03-08-at-00-06-42-2\/'><img loading=\"lazy\" decoding=\"async\" width=\"150\" height=\"150\" src=\"https:\/\/etetak.org\/wp-content\/uploads\/2026\/03\/WhatsApp-Image-2026-03-08-at-00.06.42-150x150.jpeg\" class=\"attachment-thumbnail size-thumbnail\" alt=\"\" srcset=\"https:\/\/etetak.org\/wp-content\/uploads\/2026\/03\/WhatsApp-Image-2026-03-08-at-00.06.42-150x150.jpeg 150w, https:\/\/etetak.org\/wp-content\/uploads\/2026\/03\/WhatsApp-Image-2026-03-08-at-00.06.42-570x570.jpeg 570w, https:\/\/etetak.org\/wp-content\/uploads\/2026\/03\/WhatsApp-Image-2026-03-08-at-00.06.42-500x500.jpeg 500w, https:\/\/etetak.org\/wp-content\/uploads\/2026\/03\/WhatsApp-Image-2026-03-08-at-00.06.42-650x650.jpeg 650w\" sizes=\"auto, (max-width: 150px) 100vw, 150px\" \/><\/a>\n\t\t\t<\/dt><\/dl>\n\t\t\t<br style='clear: both' \/>\n\t\t<\/div>\n\n","protected":false},"excerpt":{"rendered":"<p>El pozo del barrio Etetak, en Yaound\u00e9, fue puesto nuevamente en funcionamiento este s\u00e1bado 7 de marzo de 2026, tras el reemplazo de su motobomba, que se hab\u00eda averiado debido a la fuerte utilizaci\u00f3n provocada por la temporada seca. La disminuci\u00f3n del nivel de las&#8230;<\/p>\n","protected":false},"author":6,"featured_media":603,"comment_status":"closed","ping_status":"open","sticky":false,"template":"","format":"standard","meta":{"footnotes":""},"categories":[33],"tags":[],"class_list":["post-604","post","type-post","status-publish","format-standard","has-post-thumbnail","hentry","category-sanidad"],"yoast_head":"<!-- This site is optimized with the Yoast SEO plugin v27.4 - https:\/\/yoast.com\/product\/yoast-seo-wordpress\/ -->\n<title>El pozo de Etetak vuelve a funcionar tras el reemplazo de la bomba - etetak.org<\/title>\n<meta name=\"robots\" content=\"index, follow, max-snippet:-1, max-image-preview:large, max-video-preview:-1\" \/>\n<link rel=\"canonical\" href=\"https:\/\/etetak.org\/es\/el-pozo-de-etetak-vuelve-a-funcionar-tras-el-reemplazo-de-la-bomba\/\" \/>\n<meta property=\"og:locale\" content=\"es_ES\" \/>\n<meta property=\"og:type\" content=\"article\" \/>\n<meta property=\"og:title\" content=\"El pozo de Etetak vuelve a funcionar tras el reemplazo de la bomba - etetak.org\" \/>\n<meta property=\"og:description\" content=\"El pozo del barrio Etetak, en Yaound\u00e9, fue puesto nuevamente en funcionamiento este s\u00e1bado 7 de marzo de 2026, tras el reemplazo de su motobomba, que se hab\u00eda averiado debido a la fuerte utilizaci\u00f3n provocada por la temporada seca. La disminuci\u00f3n del nivel de las...\" \/>\n<meta property=\"og:url\" content=\"https:\/\/etetak.org\/es\/el-pozo-de-etetak-vuelve-a-funcionar-tras-el-reemplazo-de-la-bomba\/\" \/>\n<meta property=\"og:site_name\" content=\"etetak.org\" \/>\n<meta property=\"article:publisher\" content=\"https:\/\/www.facebook.com\/etetak.org\" \/>\n<meta property=\"article:published_time\" content=\"2026-03-09T09:47:50+00:00\" \/>\n<meta property=\"og:image\" content=\"https:\/\/etetak.org\/wp-content\/uploads\/2026\/03\/WhatsApp-Image-2026-03-08-at-00.06.41-3.jpeg\" \/>\n\t<meta property=\"og:image:width\" content=\"720\" \/>\n\t<meta property=\"og:image:height\" content=\"727\" \/>\n\t<meta property=\"og:image:type\" content=\"image\/jpeg\" \/>\n<meta name=\"author\" content=\"tecnic1\" \/>\n<meta name=\"twitter:card\" content=\"summary_large_image\" \/>\n<script type=\"application\/ld+json\" class=\"yoast-schema-graph\">{\"@context\":\"https:\\\/\\\/schema.org\",\"@graph\":[{\"@type\":\"Article\",\"@id\":\"https:\\\/\\\/etetak.org\\\/es\\\/el-pozo-de-etetak-vuelve-a-funcionar-tras-el-reemplazo-de-la-bomba\\\/#article\",\"isPartOf\":{\"@id\":\"https:\\\/\\\/etetak.org\\\/es\\\/el-pozo-de-etetak-vuelve-a-funcionar-tras-el-reemplazo-de-la-bomba\\\/\"},\"author\":{\"name\":\"tecnic1\",\"@id\":\"https:\\\/\\\/etetak.org\\\/#\\\/schema\\\/person\\\/ebf10816ba8f1b5ddd9f0b5b399708cb\"},\"headline\":\"El pozo de Etetak vuelve a funcionar tras el reemplazo de la bomba\",\"datePublished\":\"2026-03-09T09:47:50+00:00\",\"mainEntityOfPage\":{\"@id\":\"https:\\\/\\\/etetak.org\\\/es\\\/el-pozo-de-etetak-vuelve-a-funcionar-tras-el-reemplazo-de-la-bomba\\\/\"},\"wordCount\":176,\"publisher\":{\"@id\":\"https:\\\/\\\/etetak.org\\\/#organization\"},\"image\":{\"@id\":\"https:\\\/\\\/etetak.org\\\/es\\\/el-pozo-de-etetak-vuelve-a-funcionar-tras-el-reemplazo-de-la-bomba\\\/#primaryimage\"},\"thumbnailUrl\":\"https:\\\/\\\/etetak.org\\\/wp-content\\\/uploads\\\/2026\\\/03\\\/WhatsApp-Image-2026-03-08-at-00.06.41-3.jpeg\",\"articleSection\":[\"Sanidad\"],\"inLanguage\":\"es\"},{\"@type\":\"WebPage\",\"@id\":\"https:\\\/\\\/etetak.org\\\/es\\\/el-pozo-de-etetak-vuelve-a-funcionar-tras-el-reemplazo-de-la-bomba\\\/\",\"url\":\"https:\\\/\\\/etetak.org\\\/es\\\/el-pozo-de-etetak-vuelve-a-funcionar-tras-el-reemplazo-de-la-bomba\\\/\",\"name\":\"El pozo de Etetak vuelve a funcionar tras el reemplazo de la bomba - etetak.org\",\"isPartOf\":{\"@id\":\"https:\\\/\\\/etetak.org\\\/#website\"},\"primaryImageOfPage\":{\"@id\":\"https:\\\/\\\/etetak.org\\\/es\\\/el-pozo-de-etetak-vuelve-a-funcionar-tras-el-reemplazo-de-la-bomba\\\/#primaryimage\"},\"image\":{\"@id\":\"https:\\\/\\\/etetak.org\\\/es\\\/el-pozo-de-etetak-vuelve-a-funcionar-tras-el-reemplazo-de-la-bomba\\\/#primaryimage\"},\"thumbnailUrl\":\"https:\\\/\\\/etetak.org\\\/wp-content\\\/uploads\\\/2026\\\/03\\\/WhatsApp-Image-2026-03-08-at-00.06.41-3.jpeg\",\"datePublished\":\"2026-03-09T09:47:50+00:00\",\"breadcrumb\":{\"@id\":\"https:\\\/\\\/etetak.org\\\/es\\\/el-pozo-de-etetak-vuelve-a-funcionar-tras-el-reemplazo-de-la-bomba\\\/#breadcrumb\"},\"inLanguage\":\"es\",\"potentialAction\":[{\"@type\":\"ReadAction\",\"target\":[\"https:\\\/\\\/etetak.org\\\/es\\\/el-pozo-de-etetak-vuelve-a-funcionar-tras-el-reemplazo-de-la-bomba\\\/\"]}]},{\"@type\":\"ImageObject\",\"inLanguage\":\"es\",\"@id\":\"https:\\\/\\\/etetak.org\\\/es\\\/el-pozo-de-etetak-vuelve-a-funcionar-tras-el-reemplazo-de-la-bomba\\\/#primaryimage\",\"url\":\"https:\\\/\\\/etetak.org\\\/wp-content\\\/uploads\\\/2026\\\/03\\\/WhatsApp-Image-2026-03-08-at-00.06.41-3.jpeg\",\"contentUrl\":\"https:\\\/\\\/etetak.org\\\/wp-content\\\/uploads\\\/2026\\\/03\\\/WhatsApp-Image-2026-03-08-at-00.06.41-3.jpeg\",\"width\":720,\"height\":727},{\"@type\":\"BreadcrumbList\",\"@id\":\"https:\\\/\\\/etetak.org\\\/es\\\/el-pozo-de-etetak-vuelve-a-funcionar-tras-el-reemplazo-de-la-bomba\\\/#breadcrumb\",\"itemListElement\":[{\"@type\":\"ListItem\",\"position\":1,\"name\":\"Portada\",\"item\":\"https:\\\/\\\/etetak.org\\\/es\\\/\"},{\"@type\":\"ListItem\",\"position\":2,\"name\":\"El pozo de Etetak vuelve a funcionar tras el reemplazo de la bomba\"}]},{\"@type\":\"WebSite\",\"@id\":\"https:\\\/\\\/etetak.org\\\/#website\",\"url\":\"https:\\\/\\\/etetak.org\\\/\",\"name\":\"etetak.org\",\"description\":\"Educaci\u00f3 i Sanitat per a Etetak\",\"publisher\":{\"@id\":\"https:\\\/\\\/etetak.org\\\/#organization\"},\"potentialAction\":[{\"@type\":\"SearchAction\",\"target\":{\"@type\":\"EntryPoint\",\"urlTemplate\":\"https:\\\/\\\/etetak.org\\\/?s={search_term_string}\"},\"query-input\":{\"@type\":\"PropertyValueSpecification\",\"valueRequired\":true,\"valueName\":\"search_term_string\"}}],\"inLanguage\":\"es\"},{\"@type\":\"Organization\",\"@id\":\"https:\\\/\\\/etetak.org\\\/#organization\",\"name\":\"etetak.org\",\"url\":\"https:\\\/\\\/etetak.org\\\/\",\"logo\":{\"@type\":\"ImageObject\",\"inLanguage\":\"es\",\"@id\":\"https:\\\/\\\/etetak.org\\\/#\\\/schema\\\/logo\\\/image\\\/\",\"url\":\"https:\\\/\\\/etetak.org\\\/wp-content\\\/uploads\\\/2024\\\/05\\\/logo.png\",\"contentUrl\":\"https:\\\/\\\/etetak.org\\\/wp-content\\\/uploads\\\/2024\\\/05\\\/logo.png\",\"width\":1500,\"height\":503,\"caption\":\"etetak.org\"},\"image\":{\"@id\":\"https:\\\/\\\/etetak.org\\\/#\\\/schema\\\/logo\\\/image\\\/\"},\"sameAs\":[\"https:\\\/\\\/www.facebook.com\\\/etetak.org\",\"https:\\\/\\\/www.instagram.com\\\/etetak_org\\\/\"]},{\"@type\":\"Person\",\"@id\":\"https:\\\/\\\/etetak.org\\\/#\\\/schema\\\/person\\\/ebf10816ba8f1b5ddd9f0b5b399708cb\",\"name\":\"tecnic1\",\"url\":\"https:\\\/\\\/etetak.org\\\/es\\\/author\\\/tecnic1\\\/\"}]}<\/script>\n<!-- \/ Yoast SEO plugin. -->","yoast_head_json":{"title":"El pozo de Etetak vuelve a funcionar tras el reemplazo de la bomba - etetak.org","robots":{"index":"index","follow":"follow","max-snippet":"max-snippet:-1","max-image-preview":"max-image-preview:large","max-video-preview":"max-video-preview:-1"},"canonical":"https:\/\/etetak.org\/es\/el-pozo-de-etetak-vuelve-a-funcionar-tras-el-reemplazo-de-la-bomba\/","og_locale":"es_ES","og_type":"article","og_title":"El pozo de Etetak vuelve a funcionar tras el reemplazo de la bomba - etetak.org","og_description":"El pozo del barrio Etetak, en Yaound\u00e9, fue puesto nuevamente en funcionamiento este s\u00e1bado 7 de marzo de 2026, tras el reemplazo de su motobomba, que se hab\u00eda averiado debido a la fuerte utilizaci\u00f3n provocada por la temporada seca. La disminuci\u00f3n del nivel de las...","og_url":"https:\/\/etetak.org\/es\/el-pozo-de-etetak-vuelve-a-funcionar-tras-el-reemplazo-de-la-bomba\/","og_site_name":"etetak.org","article_publisher":"https:\/\/www.facebook.com\/etetak.org","article_published_time":"2026-03-09T09:47:50+00:00","og_image":[{"width":720,"height":727,"url":"https:\/\/etetak.org\/wp-content\/uploads\/2026\/03\/WhatsApp-Image-2026-03-08-at-00.06.41-3.jpeg","type":"image\/jpeg"}],"author":"tecnic1","twitter_card":"summary_large_image","schema":{"@context":"https:\/\/schema.org","@graph":[{"@type":"Article","@id":"https:\/\/etetak.org\/es\/el-pozo-de-etetak-vuelve-a-funcionar-tras-el-reemplazo-de-la-bomba\/#article","isPartOf":{"@id":"https:\/\/etetak.org\/es\/el-pozo-de-etetak-vuelve-a-funcionar-tras-el-reemplazo-de-la-bomba\/"},"author":{"name":"tecnic1","@id":"https:\/\/etetak.org\/#\/schema\/person\/ebf10816ba8f1b5ddd9f0b5b399708cb"},"headline":"El pozo de Etetak vuelve a funcionar tras el reemplazo de la bomba","datePublished":"2026-03-09T09:47:50+00:00","mainEntityOfPage":{"@id":"https:\/\/etetak.org\/es\/el-pozo-de-etetak-vuelve-a-funcionar-tras-el-reemplazo-de-la-bomba\/"},"wordCount":176,"publisher":{"@id":"https:\/\/etetak.org\/#organization"},"image":{"@id":"https:\/\/etetak.org\/es\/el-pozo-de-etetak-vuelve-a-funcionar-tras-el-reemplazo-de-la-bomba\/#primaryimage"},"thumbnailUrl":"https:\/\/etetak.org\/wp-content\/uploads\/2026\/03\/WhatsApp-Image-2026-03-08-at-00.06.41-3.jpeg","articleSection":["Sanidad"],"inLanguage":"es"},{"@type":"WebPage","@id":"https:\/\/etetak.org\/es\/el-pozo-de-etetak-vuelve-a-funcionar-tras-el-reemplazo-de-la-bomba\/","url":"https:\/\/etetak.org\/es\/el-pozo-de-etetak-vuelve-a-funcionar-tras-el-reemplazo-de-la-bomba\/","name":"El pozo de Etetak vuelve a funcionar tras el reemplazo de la bomba - etetak.org","isPartOf":{"@id":"https:\/\/etetak.org\/#website"},"primaryImageOfPage":{"@id":"https:\/\/etetak.org\/es\/el-pozo-de-etetak-vuelve-a-funcionar-tras-el-reemplazo-de-la-bomba\/#primaryimage"},"image":{"@id":"https:\/\/etetak.org\/es\/el-pozo-de-etetak-vuelve-a-funcionar-tras-el-reemplazo-de-la-bomba\/#primaryimage"},"thumbnailUrl":"https:\/\/etetak.org\/wp-content\/uploads\/2026\/03\/WhatsApp-Image-2026-03-08-at-00.06.41-3.jpeg","datePublished":"2026-03-09T09:47:50+00:00","breadcrumb":{"@id":"https:\/\/etetak.org\/es\/el-pozo-de-etetak-vuelve-a-funcionar-tras-el-reemplazo-de-la-bomba\/#breadcrumb"},"inLanguage":"es","potentialAction":[{"@type":"ReadAction","target":["https:\/\/etetak.org\/es\/el-pozo-de-etetak-vuelve-a-funcionar-tras-el-reemplazo-de-la-bomba\/"]}]},{"@type":"ImageObject","inLanguage":"es","@id":"https:\/\/etetak.org\/es\/el-pozo-de-etetak-vuelve-a-funcionar-tras-el-reemplazo-de-la-bomba\/#primaryimage","url":"https:\/\/etetak.org\/wp-content\/uploads\/2026\/03\/WhatsApp-Image-2026-03-08-at-00.06.41-3.jpeg","contentUrl":"https:\/\/etetak.org\/wp-content\/uploads\/2026\/03\/WhatsApp-Image-2026-03-08-at-00.06.41-3.jpeg","width":720,"height":727},{"@type":"BreadcrumbList","@id":"https:\/\/etetak.org\/es\/el-pozo-de-etetak-vuelve-a-funcionar-tras-el-reemplazo-de-la-bomba\/#breadcrumb","itemListElement":[{"@type":"ListItem","position":1,"name":"Portada","item":"https:\/\/etetak.org\/es\/"},{"@type":"ListItem","position":2,"name":"El pozo de Etetak vuelve a funcionar tras el reemplazo de la bomba"}]},{"@type":"WebSite","@id":"https:\/\/etetak.org\/#website","url":"https:\/\/etetak.org\/","name":"etetak.org","description":"Educaci\u00f3 i Sanitat per a Etetak","publisher":{"@id":"https:\/\/etetak.org\/#organization"},"potentialAction":[{"@type":"SearchAction","target":{"@type":"EntryPoint","urlTemplate":"https:\/\/etetak.org\/?s={search_term_string}"},"query-input":{"@type":"PropertyValueSpecification","valueRequired":true,"valueName":"search_term_string"}}],"inLanguage":"es"},{"@type":"Organization","@id":"https:\/\/etetak.org\/#organization","name":"etetak.org","url":"https:\/\/etetak.org\/","logo":{"@type":"ImageObject","inLanguage":"es","@id":"https:\/\/etetak.org\/#\/schema\/logo\/image\/","url":"https:\/\/etetak.org\/wp-content\/uploads\/2024\/05\/logo.png","contentUrl":"https:\/\/etetak.org\/wp-content\/uploads\/2024\/05\/logo.png","width":1500,"height":503,"caption":"etetak.org"},"image":{"@id":"https:\/\/etetak.org\/#\/schema\/logo\/image\/"},"sameAs":["https:\/\/www.facebook.com\/etetak.org","https:\/\/www.instagram.com\/etetak_org\/"]},{"@type":"Person","@id":"https:\/\/etetak.org\/#\/schema\/person\/ebf10816ba8f1b5ddd9f0b5b399708cb","name":"tecnic1","url":"https:\/\/etetak.org\/es\/author\/tecnic1\/"}]}},"_links":{"self":[{"href":"https:\/\/etetak.org\/es\/wp-json\/wp\/v2\/posts\/604","targetHints":{"allow":["GET"]}}],"collection":[{"href":"https:\/\/etetak.org\/es\/wp-json\/wp\/v2\/posts"}],"about":[{"href":"https:\/\/etetak.org\/es\/wp-json\/wp\/v2\/types\/post"}],"author":[{"embeddable":true,"href":"https:\/\/etetak.org\/es\/wp-json\/wp\/v2\/users\/6"}],"replies":[{"embeddable":true,"href":"https:\/\/etetak.org\/es\/wp-json\/wp\/v2\/comments?post=604"}],"version-history":[{"count":0,"href":"https:\/\/etetak.org\/es\/wp-json\/wp\/v2\/posts\/604\/revisions"}],"wp:featuredmedia":[{"embeddable":true,"href":"https:\/\/etetak.org\/es\/wp-json\/wp\/v2\/media\/603"}],"wp:attachment":[{"href":"https:\/\/etetak.org\/es\/wp-json\/wp\/v2\/media?parent=604"}],"wp:term":[{"taxonomy":"category","embeddable":true,"href":"https:\/\/etetak.org\/es\/wp-json\/wp\/v2\/categories?post=604"},{"taxonomy":"post_tag","embeddable":true,"href":"https:\/\/etetak.org\/es\/wp-json\/wp\/v2\/tags?post=604"}],"curies":[{"name":"wp","href":"https:\/\/api.w.org\/{rel}","templated":true}]}}