{"id":555,"date":"2026-03-02T10:35:27","date_gmt":"2026-03-02T09:35:27","guid":{"rendered":"https:\/\/etetak.org\/?p=555"},"modified":"2026-03-02T10:43:19","modified_gmt":"2026-03-02T09:43:19","slug":"educacio-sanitat-etetak-infos","status":"publish","type":"post","link":"https:\/\/etetak.org\/es\/educacio-sanitat-etetak-infos\/","title":{"rendered":"Camer\u00fan: Gesto de solidaridad en el proyecto Educaci\u00f3 Sanitat Etetak"},"content":{"rendered":"<p>Este viernes 27 de febrero de 2027, la comunidad del proyecto Educaci\u00f3 Sanitat Etetak en Yaund\u00e9 expres\u00f3 un fuerte gesto de solidaridad hacia el docente Awono Nkolo Jean Baptiste, tras el fallecimiento de su hija Zobo Engoulou, de 26 a\u00f1os.<\/p>\n<p>Impulsados por el coordinador local, William Mbianda, varios docentes se desplazaron para acompa\u00f1arlo y transmitirle sus condolencias en un ambiente de oraci\u00f3n y recogimiento.<\/p>\n<p>Fran\u00e7ois Urbain LEUGA MOUMI<\/p>\n<p>&nbsp;<\/p>\n\n\t\t<style type=\"text\/css\">\n\t\t\t#gallery-1 {\n\t\t\t\tmargin: auto;\n\t\t\t}\n\t\t\t#gallery-1 .gallery-item {\n\t\t\t\tfloat: left;\n\t\t\t\tmargin-top: 10px;\n\t\t\t\ttext-align: center;\n\t\t\t\twidth: 33%;\n\t\t\t}\n\t\t\t#gallery-1 img {\n\t\t\t\tborder: 2px solid #cfcfcf;\n\t\t\t}\n\t\t\t#gallery-1 .gallery-caption {\n\t\t\t\tmargin-left: 0;\n\t\t\t}\n\t\t\t\/* see gallery_shortcode() in wp-includes\/media.php *\/\n\t\t<\/style>\n\t\t<div id='gallery-1' class='gallery galleryid-555 gallery-columns-3 gallery-size-thumbnail'><dl class='gallery-item'>\n\t\t\t<dt class='gallery-icon portrait'>\n\t\t\t\t<a href='https:\/\/etetak.org\/es\/educacio-sanitat-etetak-infos\/whatsapp-image-2026-03-02-at-09-20-07\/'><img loading=\"lazy\" decoding=\"async\" width=\"150\" height=\"150\" src=\"https:\/\/etetak.org\/wp-content\/uploads\/2026\/03\/WhatsApp-Image-2026-03-02-at-09.20.07-150x150.jpeg\" class=\"attachment-thumbnail size-thumbnail\" alt=\"\" srcset=\"https:\/\/etetak.org\/wp-content\/uploads\/2026\/03\/WhatsApp-Image-2026-03-02-at-09.20.07-150x150.jpeg 150w, https:\/\/etetak.org\/wp-content\/uploads\/2026\/03\/WhatsApp-Image-2026-03-02-at-09.20.07-500x500.jpeg 500w\" sizes=\"auto, (max-width: 150px) 100vw, 150px\" \/><\/a>\n\t\t\t<\/dt><\/dl><dl class='gallery-item'>\n\t\t\t<dt class='gallery-icon landscape'>\n\t\t\t\t<a href='https:\/\/etetak.org\/es\/educacio-sanitat-etetak-infos\/whatsapp-image-2026-03-02-at-09-20-07-1\/'><img loading=\"lazy\" decoding=\"async\" width=\"150\" height=\"150\" src=\"https:\/\/etetak.org\/wp-content\/uploads\/2026\/03\/WhatsApp-Image-2026-03-02-at-09.20.07-1-150x150.jpeg\" class=\"attachment-thumbnail size-thumbnail\" alt=\"\" srcset=\"https:\/\/etetak.org\/wp-content\/uploads\/2026\/03\/WhatsApp-Image-2026-03-02-at-09.20.07-1-150x150.jpeg 150w, https:\/\/etetak.org\/wp-content\/uploads\/2026\/03\/WhatsApp-Image-2026-03-02-at-09.20.07-1-570x570.jpeg 570w, https:\/\/etetak.org\/wp-content\/uploads\/2026\/03\/WhatsApp-Image-2026-03-02-at-09.20.07-1-500x500.jpeg 500w, https:\/\/etetak.org\/wp-content\/uploads\/2026\/03\/WhatsApp-Image-2026-03-02-at-09.20.07-1-650x650.jpeg 650w\" sizes=\"auto, (max-width: 150px) 100vw, 150px\" \/><\/a>\n\t\t\t<\/dt><\/dl><dl class='gallery-item'>\n\t\t\t<dt class='gallery-icon landscape'>\n\t\t\t\t<a href='https:\/\/etetak.org\/es\/educacio-sanitat-etetak-infos\/whatsapp-image-2026-03-02-at-09-20-07-2\/'><img loading=\"lazy\" decoding=\"async\" width=\"150\" height=\"150\" src=\"https:\/\/etetak.org\/wp-content\/uploads\/2026\/03\/WhatsApp-Image-2026-03-02-at-09.20.07-2-150x150.jpeg\" class=\"attachment-thumbnail size-thumbnail\" alt=\"\" srcset=\"https:\/\/etetak.org\/wp-content\/uploads\/2026\/03\/WhatsApp-Image-2026-03-02-at-09.20.07-2-150x150.jpeg 150w, https:\/\/etetak.org\/wp-content\/uploads\/2026\/03\/WhatsApp-Image-2026-03-02-at-09.20.07-2-570x570.jpeg 570w, https:\/\/etetak.org\/wp-content\/uploads\/2026\/03\/WhatsApp-Image-2026-03-02-at-09.20.07-2-500x500.jpeg 500w, https:\/\/etetak.org\/wp-content\/uploads\/2026\/03\/WhatsApp-Image-2026-03-02-at-09.20.07-2-650x650.jpeg 650w\" sizes=\"auto, (max-width: 150px) 100vw, 150px\" \/><\/a>\n\t\t\t<\/dt><\/dl><br style=\"clear: both\" \/>\n\t\t<\/div>\n\n","protected":false},"excerpt":{"rendered":"<p>Este viernes 27 de febrero de 2027, la comunidad del proyecto Educaci\u00f3 Sanitat Etetak en Yaund\u00e9 expres\u00f3 un fuerte gesto de solidaridad hacia el docente Awono Nkolo Jean Baptiste, tras el fallecimiento de su hija Zobo Engoulou, de 26 a\u00f1os. Impulsados por el coordinador local,&#8230;<\/p>\n","protected":false},"author":6,"featured_media":557,"comment_status":"closed","ping_status":"open","sticky":false,"template":"","format":"standard","meta":{"footnotes":""},"categories":[1],"tags":[],"class_list":["post-555","post","type-post","status-publish","format-standard","has-post-thumbnail","hentry","category-sin-categoria"],"yoast_head":"<!-- This site is optimized with the Yoast SEO plugin v27.4 - https:\/\/yoast.com\/product\/yoast-seo-wordpress\/ -->\n<title>Camer\u00fan: Gesto de solidaridad en el proyecto Educaci\u00f3 Sanitat Etetak - etetak.org<\/title>\n<meta name=\"robots\" content=\"index, follow, max-snippet:-1, max-image-preview:large, max-video-preview:-1\" \/>\n<link rel=\"canonical\" href=\"https:\/\/etetak.org\/es\/educacio-sanitat-etetak-infos\/\" \/>\n<meta property=\"og:locale\" content=\"es_ES\" \/>\n<meta property=\"og:type\" content=\"article\" \/>\n<meta property=\"og:title\" content=\"Camer\u00fan: Gesto de solidaridad en el proyecto Educaci\u00f3 Sanitat Etetak - etetak.org\" \/>\n<meta property=\"og:description\" content=\"Este viernes 27 de febrero de 2027, la comunidad del proyecto Educaci\u00f3 Sanitat Etetak en Yaund\u00e9 expres\u00f3 un fuerte gesto de solidaridad hacia el docente Awono Nkolo Jean Baptiste, tras el fallecimiento de su hija Zobo Engoulou, de 26 a\u00f1os. Impulsados por el coordinador local,...\" \/>\n<meta property=\"og:url\" content=\"https:\/\/etetak.org\/es\/educacio-sanitat-etetak-infos\/\" \/>\n<meta property=\"og:site_name\" content=\"etetak.org\" \/>\n<meta property=\"article:publisher\" content=\"https:\/\/www.facebook.com\/etetak.org\" \/>\n<meta property=\"article:published_time\" content=\"2026-03-02T09:35:27+00:00\" \/>\n<meta property=\"article:modified_time\" content=\"2026-03-02T09:43:19+00:00\" \/>\n<meta property=\"og:image\" content=\"https:\/\/etetak.org\/wp-content\/uploads\/2026\/03\/WhatsApp-Image-2026-03-02-at-09.20.06.jpeg\" \/>\n\t<meta property=\"og:image:width\" content=\"1280\" \/>\n\t<meta property=\"og:image:height\" content=\"960\" \/>\n\t<meta property=\"og:image:type\" content=\"image\/jpeg\" \/>\n<meta name=\"author\" content=\"tecnic1\" \/>\n<meta name=\"twitter:card\" content=\"summary_large_image\" \/>\n<script type=\"application\/ld+json\" class=\"yoast-schema-graph\">{\"@context\":\"https:\\\/\\\/schema.org\",\"@graph\":[{\"@type\":\"Article\",\"@id\":\"https:\\\/\\\/etetak.org\\\/es\\\/educacio-sanitat-etetak-infos\\\/#article\",\"isPartOf\":{\"@id\":\"https:\\\/\\\/etetak.org\\\/es\\\/educacio-sanitat-etetak-infos\\\/\"},\"author\":{\"name\":\"tecnic1\",\"@id\":\"https:\\\/\\\/etetak.org\\\/#\\\/schema\\\/person\\\/ebf10816ba8f1b5ddd9f0b5b399708cb\"},\"headline\":\"Camer\u00fan: Gesto de solidaridad en el proyecto Educaci\u00f3 Sanitat Etetak\",\"datePublished\":\"2026-03-02T09:35:27+00:00\",\"dateModified\":\"2026-03-02T09:43:19+00:00\",\"mainEntityOfPage\":{\"@id\":\"https:\\\/\\\/etetak.org\\\/es\\\/educacio-sanitat-etetak-infos\\\/\"},\"wordCount\":83,\"publisher\":{\"@id\":\"https:\\\/\\\/etetak.org\\\/#organization\"},\"image\":{\"@id\":\"https:\\\/\\\/etetak.org\\\/es\\\/educacio-sanitat-etetak-infos\\\/#primaryimage\"},\"thumbnailUrl\":\"https:\\\/\\\/etetak.org\\\/wp-content\\\/uploads\\\/2026\\\/03\\\/WhatsApp-Image-2026-03-02-at-09.20.06.jpeg\",\"inLanguage\":\"es\"},{\"@type\":\"WebPage\",\"@id\":\"https:\\\/\\\/etetak.org\\\/es\\\/educacio-sanitat-etetak-infos\\\/\",\"url\":\"https:\\\/\\\/etetak.org\\\/es\\\/educacio-sanitat-etetak-infos\\\/\",\"name\":\"Camer\u00fan: Gesto de solidaridad en el proyecto Educaci\u00f3 Sanitat Etetak - etetak.org\",\"isPartOf\":{\"@id\":\"https:\\\/\\\/etetak.org\\\/#website\"},\"primaryImageOfPage\":{\"@id\":\"https:\\\/\\\/etetak.org\\\/es\\\/educacio-sanitat-etetak-infos\\\/#primaryimage\"},\"image\":{\"@id\":\"https:\\\/\\\/etetak.org\\\/es\\\/educacio-sanitat-etetak-infos\\\/#primaryimage\"},\"thumbnailUrl\":\"https:\\\/\\\/etetak.org\\\/wp-content\\\/uploads\\\/2026\\\/03\\\/WhatsApp-Image-2026-03-02-at-09.20.06.jpeg\",\"datePublished\":\"2026-03-02T09:35:27+00:00\",\"dateModified\":\"2026-03-02T09:43:19+00:00\",\"breadcrumb\":{\"@id\":\"https:\\\/\\\/etetak.org\\\/es\\\/educacio-sanitat-etetak-infos\\\/#breadcrumb\"},\"inLanguage\":\"es\",\"potentialAction\":[{\"@type\":\"ReadAction\",\"target\":[\"https:\\\/\\\/etetak.org\\\/es\\\/educacio-sanitat-etetak-infos\\\/\"]}]},{\"@type\":\"ImageObject\",\"inLanguage\":\"es\",\"@id\":\"https:\\\/\\\/etetak.org\\\/es\\\/educacio-sanitat-etetak-infos\\\/#primaryimage\",\"url\":\"https:\\\/\\\/etetak.org\\\/wp-content\\\/uploads\\\/2026\\\/03\\\/WhatsApp-Image-2026-03-02-at-09.20.06.jpeg\",\"contentUrl\":\"https:\\\/\\\/etetak.org\\\/wp-content\\\/uploads\\\/2026\\\/03\\\/WhatsApp-Image-2026-03-02-at-09.20.06.jpeg\",\"width\":1280,\"height\":960},{\"@type\":\"BreadcrumbList\",\"@id\":\"https:\\\/\\\/etetak.org\\\/es\\\/educacio-sanitat-etetak-infos\\\/#breadcrumb\",\"itemListElement\":[{\"@type\":\"ListItem\",\"position\":1,\"name\":\"Portada\",\"item\":\"https:\\\/\\\/etetak.org\\\/es\\\/\"},{\"@type\":\"ListItem\",\"position\":2,\"name\":\"Camer\u00fan: Gesto de solidaridad en el proyecto Educaci\u00f3 Sanitat Etetak\"}]},{\"@type\":\"WebSite\",\"@id\":\"https:\\\/\\\/etetak.org\\\/#website\",\"url\":\"https:\\\/\\\/etetak.org\\\/\",\"name\":\"etetak.org\",\"description\":\"Educaci\u00f3 i Sanitat per a Etetak\",\"publisher\":{\"@id\":\"https:\\\/\\\/etetak.org\\\/#organization\"},\"potentialAction\":[{\"@type\":\"SearchAction\",\"target\":{\"@type\":\"EntryPoint\",\"urlTemplate\":\"https:\\\/\\\/etetak.org\\\/?s={search_term_string}\"},\"query-input\":{\"@type\":\"PropertyValueSpecification\",\"valueRequired\":true,\"valueName\":\"search_term_string\"}}],\"inLanguage\":\"es\"},{\"@type\":\"Organization\",\"@id\":\"https:\\\/\\\/etetak.org\\\/#organization\",\"name\":\"etetak.org\",\"url\":\"https:\\\/\\\/etetak.org\\\/\",\"logo\":{\"@type\":\"ImageObject\",\"inLanguage\":\"es\",\"@id\":\"https:\\\/\\\/etetak.org\\\/#\\\/schema\\\/logo\\\/image\\\/\",\"url\":\"https:\\\/\\\/etetak.org\\\/wp-content\\\/uploads\\\/2024\\\/05\\\/logo.png\",\"contentUrl\":\"https:\\\/\\\/etetak.org\\\/wp-content\\\/uploads\\\/2024\\\/05\\\/logo.png\",\"width\":1500,\"height\":503,\"caption\":\"etetak.org\"},\"image\":{\"@id\":\"https:\\\/\\\/etetak.org\\\/#\\\/schema\\\/logo\\\/image\\\/\"},\"sameAs\":[\"https:\\\/\\\/www.facebook.com\\\/etetak.org\",\"https:\\\/\\\/www.instagram.com\\\/etetak_org\\\/\"]},{\"@type\":\"Person\",\"@id\":\"https:\\\/\\\/etetak.org\\\/#\\\/schema\\\/person\\\/ebf10816ba8f1b5ddd9f0b5b399708cb\",\"name\":\"tecnic1\",\"url\":\"https:\\\/\\\/etetak.org\\\/es\\\/author\\\/tecnic1\\\/\"}]}<\/script>\n<!-- \/ Yoast SEO plugin. -->","yoast_head_json":{"title":"Camer\u00fan: Gesto de solidaridad en el proyecto Educaci\u00f3 Sanitat Etetak - etetak.org","robots":{"index":"index","follow":"follow","max-snippet":"max-snippet:-1","max-image-preview":"max-image-preview:large","max-video-preview":"max-video-preview:-1"},"canonical":"https:\/\/etetak.org\/es\/educacio-sanitat-etetak-infos\/","og_locale":"es_ES","og_type":"article","og_title":"Camer\u00fan: Gesto de solidaridad en el proyecto Educaci\u00f3 Sanitat Etetak - etetak.org","og_description":"Este viernes 27 de febrero de 2027, la comunidad del proyecto Educaci\u00f3 Sanitat Etetak en Yaund\u00e9 expres\u00f3 un fuerte gesto de solidaridad hacia el docente Awono Nkolo Jean Baptiste, tras el fallecimiento de su hija Zobo Engoulou, de 26 a\u00f1os. Impulsados por el coordinador local,...","og_url":"https:\/\/etetak.org\/es\/educacio-sanitat-etetak-infos\/","og_site_name":"etetak.org","article_publisher":"https:\/\/www.facebook.com\/etetak.org","article_published_time":"2026-03-02T09:35:27+00:00","article_modified_time":"2026-03-02T09:43:19+00:00","og_image":[{"width":1280,"height":960,"url":"https:\/\/etetak.org\/wp-content\/uploads\/2026\/03\/WhatsApp-Image-2026-03-02-at-09.20.06.jpeg","type":"image\/jpeg"}],"author":"tecnic1","twitter_card":"summary_large_image","schema":{"@context":"https:\/\/schema.org","@graph":[{"@type":"Article","@id":"https:\/\/etetak.org\/es\/educacio-sanitat-etetak-infos\/#article","isPartOf":{"@id":"https:\/\/etetak.org\/es\/educacio-sanitat-etetak-infos\/"},"author":{"name":"tecnic1","@id":"https:\/\/etetak.org\/#\/schema\/person\/ebf10816ba8f1b5ddd9f0b5b399708cb"},"headline":"Camer\u00fan: Gesto de solidaridad en el proyecto Educaci\u00f3 Sanitat Etetak","datePublished":"2026-03-02T09:35:27+00:00","dateModified":"2026-03-02T09:43:19+00:00","mainEntityOfPage":{"@id":"https:\/\/etetak.org\/es\/educacio-sanitat-etetak-infos\/"},"wordCount":83,"publisher":{"@id":"https:\/\/etetak.org\/#organization"},"image":{"@id":"https:\/\/etetak.org\/es\/educacio-sanitat-etetak-infos\/#primaryimage"},"thumbnailUrl":"https:\/\/etetak.org\/wp-content\/uploads\/2026\/03\/WhatsApp-Image-2026-03-02-at-09.20.06.jpeg","inLanguage":"es"},{"@type":"WebPage","@id":"https:\/\/etetak.org\/es\/educacio-sanitat-etetak-infos\/","url":"https:\/\/etetak.org\/es\/educacio-sanitat-etetak-infos\/","name":"Camer\u00fan: Gesto de solidaridad en el proyecto Educaci\u00f3 Sanitat Etetak - etetak.org","isPartOf":{"@id":"https:\/\/etetak.org\/#website"},"primaryImageOfPage":{"@id":"https:\/\/etetak.org\/es\/educacio-sanitat-etetak-infos\/#primaryimage"},"image":{"@id":"https:\/\/etetak.org\/es\/educacio-sanitat-etetak-infos\/#primaryimage"},"thumbnailUrl":"https:\/\/etetak.org\/wp-content\/uploads\/2026\/03\/WhatsApp-Image-2026-03-02-at-09.20.06.jpeg","datePublished":"2026-03-02T09:35:27+00:00","dateModified":"2026-03-02T09:43:19+00:00","breadcrumb":{"@id":"https:\/\/etetak.org\/es\/educacio-sanitat-etetak-infos\/#breadcrumb"},"inLanguage":"es","potentialAction":[{"@type":"ReadAction","target":["https:\/\/etetak.org\/es\/educacio-sanitat-etetak-infos\/"]}]},{"@type":"ImageObject","inLanguage":"es","@id":"https:\/\/etetak.org\/es\/educacio-sanitat-etetak-infos\/#primaryimage","url":"https:\/\/etetak.org\/wp-content\/uploads\/2026\/03\/WhatsApp-Image-2026-03-02-at-09.20.06.jpeg","contentUrl":"https:\/\/etetak.org\/wp-content\/uploads\/2026\/03\/WhatsApp-Image-2026-03-02-at-09.20.06.jpeg","width":1280,"height":960},{"@type":"BreadcrumbList","@id":"https:\/\/etetak.org\/es\/educacio-sanitat-etetak-infos\/#breadcrumb","itemListElement":[{"@type":"ListItem","position":1,"name":"Portada","item":"https:\/\/etetak.org\/es\/"},{"@type":"ListItem","position":2,"name":"Camer\u00fan: Gesto de solidaridad en el proyecto Educaci\u00f3 Sanitat Etetak"}]},{"@type":"WebSite","@id":"https:\/\/etetak.org\/#website","url":"https:\/\/etetak.org\/","name":"etetak.org","description":"Educaci\u00f3 i Sanitat per a Etetak","publisher":{"@id":"https:\/\/etetak.org\/#organization"},"potentialAction":[{"@type":"SearchAction","target":{"@type":"EntryPoint","urlTemplate":"https:\/\/etetak.org\/?s={search_term_string}"},"query-input":{"@type":"PropertyValueSpecification","valueRequired":true,"valueName":"search_term_string"}}],"inLanguage":"es"},{"@type":"Organization","@id":"https:\/\/etetak.org\/#organization","name":"etetak.org","url":"https:\/\/etetak.org\/","logo":{"@type":"ImageObject","inLanguage":"es","@id":"https:\/\/etetak.org\/#\/schema\/logo\/image\/","url":"https:\/\/etetak.org\/wp-content\/uploads\/2024\/05\/logo.png","contentUrl":"https:\/\/etetak.org\/wp-content\/uploads\/2024\/05\/logo.png","width":1500,"height":503,"caption":"etetak.org"},"image":{"@id":"https:\/\/etetak.org\/#\/schema\/logo\/image\/"},"sameAs":["https:\/\/www.facebook.com\/etetak.org","https:\/\/www.instagram.com\/etetak_org\/"]},{"@type":"Person","@id":"https:\/\/etetak.org\/#\/schema\/person\/ebf10816ba8f1b5ddd9f0b5b399708cb","name":"tecnic1","url":"https:\/\/etetak.org\/es\/author\/tecnic1\/"}]}},"_links":{"self":[{"href":"https:\/\/etetak.org\/es\/wp-json\/wp\/v2\/posts\/555","targetHints":{"allow":["GET"]}}],"collection":[{"href":"https:\/\/etetak.org\/es\/wp-json\/wp\/v2\/posts"}],"about":[{"href":"https:\/\/etetak.org\/es\/wp-json\/wp\/v2\/types\/post"}],"author":[{"embeddable":true,"href":"https:\/\/etetak.org\/es\/wp-json\/wp\/v2\/users\/6"}],"replies":[{"embeddable":true,"href":"https:\/\/etetak.org\/es\/wp-json\/wp\/v2\/comments?post=555"}],"version-history":[{"count":6,"href":"https:\/\/etetak.org\/es\/wp-json\/wp\/v2\/posts\/555\/revisions"}],"predecessor-version":[{"id":577,"href":"https:\/\/etetak.org\/es\/wp-json\/wp\/v2\/posts\/555\/revisions\/577"}],"wp:featuredmedia":[{"embeddable":true,"href":"https:\/\/etetak.org\/es\/wp-json\/wp\/v2\/media\/557"}],"wp:attachment":[{"href":"https:\/\/etetak.org\/es\/wp-json\/wp\/v2\/media?parent=555"}],"wp:term":[{"taxonomy":"category","embeddable":true,"href":"https:\/\/etetak.org\/es\/wp-json\/wp\/v2\/categories?post=555"},{"taxonomy":"post_tag","embeddable":true,"href":"https:\/\/etetak.org\/es\/wp-json\/wp\/v2\/tags?post=555"}],"curies":[{"name":"wp","href":"https:\/\/api.w.org\/{rel}","templated":true}]}}