{"id":420,"date":"2025-05-13T16:44:04","date_gmt":"2025-05-13T14:44:04","guid":{"rendered":"https:\/\/etetak.org\/?p=420"},"modified":"2025-05-13T16:52:40","modified_gmt":"2025-05-13T14:52:40","slug":"un-puente-entre-cataluna-y-camerun-negocios-solidaridad-y-un-sueno-compartido-en-etetak","status":"publish","type":"post","link":"https:\/\/etetak.org\/es\/un-puente-entre-cataluna-y-camerun-negocios-solidaridad-y-un-sueno-compartido-en-etetak\/","title":{"rendered":"Un puente entre Catalu\u00f1a y Camer\u00fan: negocios, solidaridad y un sue\u00f1o compartido en Etetak"},"content":{"rendered":"<h2><strong>Visita del alcalde Hubert Tagmin<\/strong><\/h2>\n<p>&nbsp;<\/p>\n<p><em>Por Fran\u00e7ois Urbain Leuga Moumi<\/em><\/p>\n<p>A veces, los viajes de negocios son algo m\u00e1s que contratos, presupuestos y reuniones estrat\u00e9gicas. Tambi\u00e9n pueden convertirse en una oportunidad para tejer alianzas humanas, tender puentes entre continentes y alimentar sue\u00f1os colectivos. As\u00ed lo demuestra la intensa jornada vivida el 7 de mayo de 2025 en Catalu\u00f1a por una delegaci\u00f3n camerunesa encabezada por Hubert Tagmin, alcalde y director general de T.B SARL, junto a su equipo.<\/p>\n<p>Tagmin, quien tambi\u00e9n es presidente nacional de las Funerarias de Camer\u00fan, ha llegado a la regi\u00f3n para avanzar en un ambicioso proyecto empresarial: la construcci\u00f3n de una funeraria moderna en el municipio de Yaund\u00e9 2, donde se encuentra el barrio de Etetak. Lo acompa\u00f1a su director comercial, Yves Saint Laurent Ngassa Tagmin. Pero el prop\u00f3sito del viaje no se limita a los negocios. Aprovechando su estancia, han invitado a William Mbianda, presidente del CEFOSJEC y coordinador del proyecto social <strong>Educaci\u00f3 Sanitat Etetak<\/strong>, para acompa\u00f1arlos como traductor y, al mismo tiempo, abrir puertas a nuevas colaboraciones para el desarrollo de su comunidad.<\/p>\n<p><em>\u201cEl primer d\u00eda ha sido muy intenso, agradable y todo ha ido muy bien\u201d<\/em>, resume Pere Bufi, representante en Catalu\u00f1a de la asociaci\u00f3n <strong>Educaci\u00f3 Sanitat Etetak<\/strong>. Una frase breve pero cargada de esperanza, que encapsula el esp\u00edritu de la jornada.<\/p>\n<p>La ma\u00f1ana comenz\u00f3 con una visita t\u00e9cnica a INOXCOCA, empresa especializada en equipamiento para tanatorios, donde se abord\u00f3 el presupuesto inicial del proyecto funerario. La reuni\u00f3n dej\u00f3 buenas sensaciones entre las partes. Despu\u00e9s, el grupo comparti\u00f3 una comida distendida antes de dirigirse al encuentro con un ingeniero agr\u00f3nomo local, figura clave para el desarrollo de un segundo eje de colaboraci\u00f3n: la agricultura.<\/p>\n<p>Este profesional, que ya colabora con iniciativas sociales, mostr\u00f3 a la delegaci\u00f3n una gran variedad de semillas y posibilidades de cultivo, con vistas a establecer un modelo agroempresarial sostenible en Etetak. Y es que el alcalde ha cedido un terreno de 50 hect\u00e1reas para este fin. Un gesto que revela una voluntad pol\u00edtica concreta de implicarse en el desarrollo econ\u00f3mico y social del barrio.<\/p>\n<p>Durante la reuni\u00f3n, Hubert Tagmin tambi\u00e9n reafirm\u00f3 su compromiso con el proyecto social de Etetak. Seg\u00fan explic\u00f3, una vez que la morgue entre en funcionamiento y genere ingresos, parte de los beneficios se destinar\u00e1n al proyecto <strong>Educaci\u00f3 Sanitat Etetak<\/strong>. Esta promesa ha reavivado la esperanza entre los impulsores catalanes de la iniciativa, quienes desde hace tiempo buscan financiaci\u00f3n estable para mejorar la salud, la educaci\u00f3n y la formaci\u00f3n profesional en este barrio vulnerable de Yaund\u00e9.<\/p>\n<p>La jornada culmin\u00f3 con una cena \u00edntima organizada por La Nena, maestra y voluntaria del proyecto, en la que tambi\u00e9n participaron los colombianos Libardo y Graciela, conocidos del grupo. La velada sirvi\u00f3 para estrechar lazos y recargar energ\u00edas para los d\u00edas siguientes.<\/p>\n<p>Etetak espera que de este encuentro broten frutos reales, tanto para los negocios de Tagmin como para la vida de cientos de personas en el barrio. Porque, a veces, la esperanza necesita un empuj\u00f3n. Y en esta historia, todo indica que ese empuj\u00f3n podr\u00eda haberse dado ya.<\/p>\n\n\t\t<style type=\"text\/css\">\n\t\t\t#gallery-1 {\n\t\t\t\tmargin: auto;\n\t\t\t}\n\t\t\t#gallery-1 .gallery-item {\n\t\t\t\tfloat: left;\n\t\t\t\tmargin-top: 10px;\n\t\t\t\ttext-align: center;\n\t\t\t\twidth: 33%;\n\t\t\t}\n\t\t\t#gallery-1 img {\n\t\t\t\tborder: 2px solid #cfcfcf;\n\t\t\t}\n\t\t\t#gallery-1 .gallery-caption {\n\t\t\t\tmargin-left: 0;\n\t\t\t}\n\t\t\t\/* see gallery_shortcode() in wp-includes\/media.php *\/\n\t\t<\/style>\n\t\t<div id='gallery-1' class='gallery galleryid-420 gallery-columns-3 gallery-size-thumbnail'><dl class='gallery-item'>\n\t\t\t<dt class='gallery-icon landscape'>\n\t\t\t\t<a href='https:\/\/etetak.org\/es\/un-puente-entre-cataluna-y-camerun-negocios-solidaridad-y-un-sueno-compartido-en-etetak\/imagen-de-whatsapp-2025-05-13-a-las-16-39-48_864eb1f9\/'><img loading=\"lazy\" decoding=\"async\" width=\"150\" height=\"150\" src=\"https:\/\/etetak.org\/wp-content\/uploads\/2025\/05\/Imagen-de-WhatsApp-2025-05-13-a-las-16.39.48_864eb1f9-150x150.jpg\" class=\"attachment-thumbnail size-thumbnail\" alt=\"\" srcset=\"https:\/\/etetak.org\/wp-content\/uploads\/2025\/05\/Imagen-de-WhatsApp-2025-05-13-a-las-16.39.48_864eb1f9-150x150.jpg 150w, https:\/\/etetak.org\/wp-content\/uploads\/2025\/05\/Imagen-de-WhatsApp-2025-05-13-a-las-16.39.48_864eb1f9-570x570.jpg 570w, https:\/\/etetak.org\/wp-content\/uploads\/2025\/05\/Imagen-de-WhatsApp-2025-05-13-a-las-16.39.48_864eb1f9-500x500.jpg 500w, https:\/\/etetak.org\/wp-content\/uploads\/2025\/05\/Imagen-de-WhatsApp-2025-05-13-a-las-16.39.48_864eb1f9-1000x1000.jpg 1000w, https:\/\/etetak.org\/wp-content\/uploads\/2025\/05\/Imagen-de-WhatsApp-2025-05-13-a-las-16.39.48_864eb1f9-650x650.jpg 650w\" sizes=\"auto, (max-width: 150px) 100vw, 150px\" \/><\/a>\n\t\t\t<\/dt><\/dl><dl class='gallery-item'>\n\t\t\t<dt class='gallery-icon landscape'>\n\t\t\t\t<a href='https:\/\/etetak.org\/es\/un-puente-entre-cataluna-y-camerun-negocios-solidaridad-y-un-sueno-compartido-en-etetak\/imagen-de-whatsapp-2025-05-13-a-las-16-39-46_c3a255d6\/'><img loading=\"lazy\" decoding=\"async\" width=\"150\" height=\"150\" src=\"https:\/\/etetak.org\/wp-content\/uploads\/2025\/05\/Imagen-de-WhatsApp-2025-05-13-a-las-16.39.46_c3a255d6-150x150.jpg\" class=\"attachment-thumbnail size-thumbnail\" alt=\"\" srcset=\"https:\/\/etetak.org\/wp-content\/uploads\/2025\/05\/Imagen-de-WhatsApp-2025-05-13-a-las-16.39.46_c3a255d6-150x150.jpg 150w, https:\/\/etetak.org\/wp-content\/uploads\/2025\/05\/Imagen-de-WhatsApp-2025-05-13-a-las-16.39.46_c3a255d6-570x570.jpg 570w, https:\/\/etetak.org\/wp-content\/uploads\/2025\/05\/Imagen-de-WhatsApp-2025-05-13-a-las-16.39.46_c3a255d6-500x500.jpg 500w, https:\/\/etetak.org\/wp-content\/uploads\/2025\/05\/Imagen-de-WhatsApp-2025-05-13-a-las-16.39.46_c3a255d6-1000x1000.jpg 1000w, https:\/\/etetak.org\/wp-content\/uploads\/2025\/05\/Imagen-de-WhatsApp-2025-05-13-a-las-16.39.46_c3a255d6-650x650.jpg 650w\" sizes=\"auto, (max-width: 150px) 100vw, 150px\" \/><\/a>\n\t\t\t<\/dt><\/dl><dl class='gallery-item'>\n\t\t\t<dt class='gallery-icon landscape'>\n\t\t\t\t<a href='https:\/\/etetak.org\/es\/un-puente-entre-cataluna-y-camerun-negocios-solidaridad-y-un-sueno-compartido-en-etetak\/imagen-de-whatsapp-2025-05-13-a-las-16-39-45_1b48a943\/'><img loading=\"lazy\" decoding=\"async\" width=\"150\" height=\"150\" src=\"https:\/\/etetak.org\/wp-content\/uploads\/2025\/05\/Imagen-de-WhatsApp-2025-05-13-a-las-16.39.45_1b48a943-150x150.jpg\" class=\"attachment-thumbnail size-thumbnail\" alt=\"\" srcset=\"https:\/\/etetak.org\/wp-content\/uploads\/2025\/05\/Imagen-de-WhatsApp-2025-05-13-a-las-16.39.45_1b48a943-150x150.jpg 150w, https:\/\/etetak.org\/wp-content\/uploads\/2025\/05\/Imagen-de-WhatsApp-2025-05-13-a-las-16.39.45_1b48a943-570x570.jpg 570w, https:\/\/etetak.org\/wp-content\/uploads\/2025\/05\/Imagen-de-WhatsApp-2025-05-13-a-las-16.39.45_1b48a943-500x500.jpg 500w, https:\/\/etetak.org\/wp-content\/uploads\/2025\/05\/Imagen-de-WhatsApp-2025-05-13-a-las-16.39.45_1b48a943-1000x1000.jpg 1000w, https:\/\/etetak.org\/wp-content\/uploads\/2025\/05\/Imagen-de-WhatsApp-2025-05-13-a-las-16.39.45_1b48a943-650x650.jpg 650w\" sizes=\"auto, (max-width: 150px) 100vw, 150px\" \/><\/a>\n\t\t\t<\/dt><\/dl><br style=\"clear: both\" \/><dl class='gallery-item'>\n\t\t\t<dt class='gallery-icon portrait'>\n\t\t\t\t<a href='https:\/\/etetak.org\/es\/un-puente-entre-cataluna-y-camerun-negocios-solidaridad-y-un-sueno-compartido-en-etetak\/imagen-de-whatsapp-2025-05-13-a-las-16-39-43_19767d9a\/'><img loading=\"lazy\" decoding=\"async\" width=\"150\" height=\"150\" src=\"https:\/\/etetak.org\/wp-content\/uploads\/2025\/05\/Imagen-de-WhatsApp-2025-05-13-a-las-16.39.43_19767d9a-150x150.jpg\" class=\"attachment-thumbnail size-thumbnail\" alt=\"\" srcset=\"https:\/\/etetak.org\/wp-content\/uploads\/2025\/05\/Imagen-de-WhatsApp-2025-05-13-a-las-16.39.43_19767d9a-150x150.jpg 150w, https:\/\/etetak.org\/wp-content\/uploads\/2025\/05\/Imagen-de-WhatsApp-2025-05-13-a-las-16.39.43_19767d9a-570x570.jpg 570w, https:\/\/etetak.org\/wp-content\/uploads\/2025\/05\/Imagen-de-WhatsApp-2025-05-13-a-las-16.39.43_19767d9a-500x500.jpg 500w, https:\/\/etetak.org\/wp-content\/uploads\/2025\/05\/Imagen-de-WhatsApp-2025-05-13-a-las-16.39.43_19767d9a-1000x1000.jpg 1000w, https:\/\/etetak.org\/wp-content\/uploads\/2025\/05\/Imagen-de-WhatsApp-2025-05-13-a-las-16.39.43_19767d9a-650x650.jpg 650w\" sizes=\"auto, (max-width: 150px) 100vw, 150px\" \/><\/a>\n\t\t\t<\/dt><\/dl>\n\t\t\t<br style='clear: both' \/>\n\t\t<\/div>\n\n","protected":false},"excerpt":{"rendered":"<p>Visita del alcalde Hubert Tagmin &nbsp; Por Fran\u00e7ois Urbain Leuga Moumi A veces, los viajes de negocios son algo m\u00e1s que contratos, presupuestos y reuniones estrat\u00e9gicas. Tambi\u00e9n pueden convertirse en una oportunidad para tejer alianzas humanas, tender puentes entre continentes y alimentar sue\u00f1os colectivos. As\u00ed&#8230;<\/p>\n","protected":false},"author":1,"featured_media":422,"comment_status":"closed","ping_status":"open","sticky":false,"template":"","format":"standard","meta":{"footnotes":""},"categories":[1],"tags":[],"class_list":["post-420","post","type-post","status-publish","format-standard","has-post-thumbnail","hentry","category-sin-categoria"],"yoast_head":"<!-- This site is optimized with the Yoast SEO plugin v27.4 - https:\/\/yoast.com\/product\/yoast-seo-wordpress\/ -->\n<title>Un puente entre Catalu\u00f1a y Camer\u00fan: negocios, solidaridad y un sue\u00f1o compartido en Etetak - etetak.org<\/title>\n<meta name=\"robots\" content=\"index, follow, max-snippet:-1, max-image-preview:large, max-video-preview:-1\" \/>\n<link rel=\"canonical\" href=\"https:\/\/etetak.org\/es\/un-puente-entre-cataluna-y-camerun-negocios-solidaridad-y-un-sueno-compartido-en-etetak\/\" \/>\n<meta property=\"og:locale\" content=\"es_ES\" \/>\n<meta property=\"og:type\" content=\"article\" \/>\n<meta property=\"og:title\" content=\"Un puente entre Catalu\u00f1a y Camer\u00fan: negocios, solidaridad y un sue\u00f1o compartido en Etetak - etetak.org\" \/>\n<meta property=\"og:description\" content=\"Visita del alcalde Hubert Tagmin &nbsp; Por Fran\u00e7ois Urbain Leuga Moumi A veces, los viajes de negocios son algo m\u00e1s que contratos, presupuestos y reuniones estrat\u00e9gicas. Tambi\u00e9n pueden convertirse en una oportunidad para tejer alianzas humanas, tender puentes entre continentes y alimentar sue\u00f1os colectivos. As\u00ed...\" \/>\n<meta property=\"og:url\" content=\"https:\/\/etetak.org\/es\/un-puente-entre-cataluna-y-camerun-negocios-solidaridad-y-un-sueno-compartido-en-etetak\/\" \/>\n<meta property=\"og:site_name\" content=\"etetak.org\" \/>\n<meta property=\"article:publisher\" content=\"https:\/\/www.facebook.com\/etetak.org\" \/>\n<meta property=\"article:published_time\" content=\"2025-05-13T14:44:04+00:00\" \/>\n<meta property=\"article:modified_time\" content=\"2025-05-13T14:52:40+00:00\" \/>\n<meta property=\"og:image\" content=\"https:\/\/etetak.org\/wp-content\/uploads\/2025\/05\/Imagen-de-WhatsApp-2025-05-13-a-las-16.39.48_864eb1f9.jpg\" \/>\n\t<meta property=\"og:image:width\" content=\"1600\" \/>\n\t<meta property=\"og:image:height\" content=\"1200\" \/>\n\t<meta property=\"og:image:type\" content=\"image\/jpeg\" \/>\n<meta name=\"author\" content=\"arrova\" \/>\n<meta name=\"twitter:card\" content=\"summary_large_image\" \/>\n<script type=\"application\/ld+json\" class=\"yoast-schema-graph\">{\"@context\":\"https:\\\/\\\/schema.org\",\"@graph\":[{\"@type\":\"Article\",\"@id\":\"https:\\\/\\\/etetak.org\\\/es\\\/un-puente-entre-cataluna-y-camerun-negocios-solidaridad-y-un-sueno-compartido-en-etetak\\\/#article\",\"isPartOf\":{\"@id\":\"https:\\\/\\\/etetak.org\\\/es\\\/un-puente-entre-cataluna-y-camerun-negocios-solidaridad-y-un-sueno-compartido-en-etetak\\\/\"},\"author\":{\"name\":\"arrova\",\"@id\":\"https:\\\/\\\/etetak.org\\\/#\\\/schema\\\/person\\\/8b0b2906cb8e2bbbf2d1d4e54e189607\"},\"headline\":\"Un puente entre Catalu\u00f1a y Camer\u00fan: negocios, solidaridad y un sue\u00f1o compartido en Etetak\",\"datePublished\":\"2025-05-13T14:44:04+00:00\",\"dateModified\":\"2025-05-13T14:52:40+00:00\",\"mainEntityOfPage\":{\"@id\":\"https:\\\/\\\/etetak.org\\\/es\\\/un-puente-entre-cataluna-y-camerun-negocios-solidaridad-y-un-sueno-compartido-en-etetak\\\/\"},\"wordCount\":566,\"publisher\":{\"@id\":\"https:\\\/\\\/etetak.org\\\/#organization\"},\"image\":{\"@id\":\"https:\\\/\\\/etetak.org\\\/es\\\/un-puente-entre-cataluna-y-camerun-negocios-solidaridad-y-un-sueno-compartido-en-etetak\\\/#primaryimage\"},\"thumbnailUrl\":\"https:\\\/\\\/etetak.org\\\/wp-content\\\/uploads\\\/2025\\\/05\\\/Imagen-de-WhatsApp-2025-05-13-a-las-16.39.48_864eb1f9.jpg\",\"inLanguage\":\"es\"},{\"@type\":\"WebPage\",\"@id\":\"https:\\\/\\\/etetak.org\\\/es\\\/un-puente-entre-cataluna-y-camerun-negocios-solidaridad-y-un-sueno-compartido-en-etetak\\\/\",\"url\":\"https:\\\/\\\/etetak.org\\\/es\\\/un-puente-entre-cataluna-y-camerun-negocios-solidaridad-y-un-sueno-compartido-en-etetak\\\/\",\"name\":\"Un puente entre Catalu\u00f1a y Camer\u00fan: negocios, solidaridad y un sue\u00f1o compartido en Etetak - etetak.org\",\"isPartOf\":{\"@id\":\"https:\\\/\\\/etetak.org\\\/#website\"},\"primaryImageOfPage\":{\"@id\":\"https:\\\/\\\/etetak.org\\\/es\\\/un-puente-entre-cataluna-y-camerun-negocios-solidaridad-y-un-sueno-compartido-en-etetak\\\/#primaryimage\"},\"image\":{\"@id\":\"https:\\\/\\\/etetak.org\\\/es\\\/un-puente-entre-cataluna-y-camerun-negocios-solidaridad-y-un-sueno-compartido-en-etetak\\\/#primaryimage\"},\"thumbnailUrl\":\"https:\\\/\\\/etetak.org\\\/wp-content\\\/uploads\\\/2025\\\/05\\\/Imagen-de-WhatsApp-2025-05-13-a-las-16.39.48_864eb1f9.jpg\",\"datePublished\":\"2025-05-13T14:44:04+00:00\",\"dateModified\":\"2025-05-13T14:52:40+00:00\",\"breadcrumb\":{\"@id\":\"https:\\\/\\\/etetak.org\\\/es\\\/un-puente-entre-cataluna-y-camerun-negocios-solidaridad-y-un-sueno-compartido-en-etetak\\\/#breadcrumb\"},\"inLanguage\":\"es\",\"potentialAction\":[{\"@type\":\"ReadAction\",\"target\":[\"https:\\\/\\\/etetak.org\\\/es\\\/un-puente-entre-cataluna-y-camerun-negocios-solidaridad-y-un-sueno-compartido-en-etetak\\\/\"]}]},{\"@type\":\"ImageObject\",\"inLanguage\":\"es\",\"@id\":\"https:\\\/\\\/etetak.org\\\/es\\\/un-puente-entre-cataluna-y-camerun-negocios-solidaridad-y-un-sueno-compartido-en-etetak\\\/#primaryimage\",\"url\":\"https:\\\/\\\/etetak.org\\\/wp-content\\\/uploads\\\/2025\\\/05\\\/Imagen-de-WhatsApp-2025-05-13-a-las-16.39.48_864eb1f9.jpg\",\"contentUrl\":\"https:\\\/\\\/etetak.org\\\/wp-content\\\/uploads\\\/2025\\\/05\\\/Imagen-de-WhatsApp-2025-05-13-a-las-16.39.48_864eb1f9.jpg\",\"width\":1600,\"height\":1200},{\"@type\":\"BreadcrumbList\",\"@id\":\"https:\\\/\\\/etetak.org\\\/es\\\/un-puente-entre-cataluna-y-camerun-negocios-solidaridad-y-un-sueno-compartido-en-etetak\\\/#breadcrumb\",\"itemListElement\":[{\"@type\":\"ListItem\",\"position\":1,\"name\":\"Portada\",\"item\":\"https:\\\/\\\/etetak.org\\\/es\\\/\"},{\"@type\":\"ListItem\",\"position\":2,\"name\":\"Un puente entre Catalu\u00f1a y Camer\u00fan: negocios, solidaridad y un sue\u00f1o compartido en Etetak\"}]},{\"@type\":\"WebSite\",\"@id\":\"https:\\\/\\\/etetak.org\\\/#website\",\"url\":\"https:\\\/\\\/etetak.org\\\/\",\"name\":\"etetak.org\",\"description\":\"Educaci\u00f3 i Sanitat per a Etetak\",\"publisher\":{\"@id\":\"https:\\\/\\\/etetak.org\\\/#organization\"},\"potentialAction\":[{\"@type\":\"SearchAction\",\"target\":{\"@type\":\"EntryPoint\",\"urlTemplate\":\"https:\\\/\\\/etetak.org\\\/?s={search_term_string}\"},\"query-input\":{\"@type\":\"PropertyValueSpecification\",\"valueRequired\":true,\"valueName\":\"search_term_string\"}}],\"inLanguage\":\"es\"},{\"@type\":\"Organization\",\"@id\":\"https:\\\/\\\/etetak.org\\\/#organization\",\"name\":\"etetak.org\",\"url\":\"https:\\\/\\\/etetak.org\\\/\",\"logo\":{\"@type\":\"ImageObject\",\"inLanguage\":\"es\",\"@id\":\"https:\\\/\\\/etetak.org\\\/#\\\/schema\\\/logo\\\/image\\\/\",\"url\":\"https:\\\/\\\/etetak.org\\\/wp-content\\\/uploads\\\/2024\\\/05\\\/logo.png\",\"contentUrl\":\"https:\\\/\\\/etetak.org\\\/wp-content\\\/uploads\\\/2024\\\/05\\\/logo.png\",\"width\":1500,\"height\":503,\"caption\":\"etetak.org\"},\"image\":{\"@id\":\"https:\\\/\\\/etetak.org\\\/#\\\/schema\\\/logo\\\/image\\\/\"},\"sameAs\":[\"https:\\\/\\\/www.facebook.com\\\/etetak.org\",\"https:\\\/\\\/www.instagram.com\\\/etetak_org\\\/\"]},{\"@type\":\"Person\",\"@id\":\"https:\\\/\\\/etetak.org\\\/#\\\/schema\\\/person\\\/8b0b2906cb8e2bbbf2d1d4e54e189607\",\"name\":\"arrova\",\"sameAs\":[\"http:\\\/\\\/etetak.org\"],\"url\":\"https:\\\/\\\/etetak.org\\\/es\\\/author\\\/arrova\\\/\"}]}<\/script>\n<!-- \/ Yoast SEO plugin. -->","yoast_head_json":{"title":"Un puente entre Catalu\u00f1a y Camer\u00fan: negocios, solidaridad y un sue\u00f1o compartido en Etetak - etetak.org","robots":{"index":"index","follow":"follow","max-snippet":"max-snippet:-1","max-image-preview":"max-image-preview:large","max-video-preview":"max-video-preview:-1"},"canonical":"https:\/\/etetak.org\/es\/un-puente-entre-cataluna-y-camerun-negocios-solidaridad-y-un-sueno-compartido-en-etetak\/","og_locale":"es_ES","og_type":"article","og_title":"Un puente entre Catalu\u00f1a y Camer\u00fan: negocios, solidaridad y un sue\u00f1o compartido en Etetak - etetak.org","og_description":"Visita del alcalde Hubert Tagmin &nbsp; Por Fran\u00e7ois Urbain Leuga Moumi A veces, los viajes de negocios son algo m\u00e1s que contratos, presupuestos y reuniones estrat\u00e9gicas. Tambi\u00e9n pueden convertirse en una oportunidad para tejer alianzas humanas, tender puentes entre continentes y alimentar sue\u00f1os colectivos. As\u00ed...","og_url":"https:\/\/etetak.org\/es\/un-puente-entre-cataluna-y-camerun-negocios-solidaridad-y-un-sueno-compartido-en-etetak\/","og_site_name":"etetak.org","article_publisher":"https:\/\/www.facebook.com\/etetak.org","article_published_time":"2025-05-13T14:44:04+00:00","article_modified_time":"2025-05-13T14:52:40+00:00","og_image":[{"width":1600,"height":1200,"url":"https:\/\/etetak.org\/wp-content\/uploads\/2025\/05\/Imagen-de-WhatsApp-2025-05-13-a-las-16.39.48_864eb1f9.jpg","type":"image\/jpeg"}],"author":"arrova","twitter_card":"summary_large_image","schema":{"@context":"https:\/\/schema.org","@graph":[{"@type":"Article","@id":"https:\/\/etetak.org\/es\/un-puente-entre-cataluna-y-camerun-negocios-solidaridad-y-un-sueno-compartido-en-etetak\/#article","isPartOf":{"@id":"https:\/\/etetak.org\/es\/un-puente-entre-cataluna-y-camerun-negocios-solidaridad-y-un-sueno-compartido-en-etetak\/"},"author":{"name":"arrova","@id":"https:\/\/etetak.org\/#\/schema\/person\/8b0b2906cb8e2bbbf2d1d4e54e189607"},"headline":"Un puente entre Catalu\u00f1a y Camer\u00fan: negocios, solidaridad y un sue\u00f1o compartido en Etetak","datePublished":"2025-05-13T14:44:04+00:00","dateModified":"2025-05-13T14:52:40+00:00","mainEntityOfPage":{"@id":"https:\/\/etetak.org\/es\/un-puente-entre-cataluna-y-camerun-negocios-solidaridad-y-un-sueno-compartido-en-etetak\/"},"wordCount":566,"publisher":{"@id":"https:\/\/etetak.org\/#organization"},"image":{"@id":"https:\/\/etetak.org\/es\/un-puente-entre-cataluna-y-camerun-negocios-solidaridad-y-un-sueno-compartido-en-etetak\/#primaryimage"},"thumbnailUrl":"https:\/\/etetak.org\/wp-content\/uploads\/2025\/05\/Imagen-de-WhatsApp-2025-05-13-a-las-16.39.48_864eb1f9.jpg","inLanguage":"es"},{"@type":"WebPage","@id":"https:\/\/etetak.org\/es\/un-puente-entre-cataluna-y-camerun-negocios-solidaridad-y-un-sueno-compartido-en-etetak\/","url":"https:\/\/etetak.org\/es\/un-puente-entre-cataluna-y-camerun-negocios-solidaridad-y-un-sueno-compartido-en-etetak\/","name":"Un puente entre Catalu\u00f1a y Camer\u00fan: negocios, solidaridad y un sue\u00f1o compartido en Etetak - etetak.org","isPartOf":{"@id":"https:\/\/etetak.org\/#website"},"primaryImageOfPage":{"@id":"https:\/\/etetak.org\/es\/un-puente-entre-cataluna-y-camerun-negocios-solidaridad-y-un-sueno-compartido-en-etetak\/#primaryimage"},"image":{"@id":"https:\/\/etetak.org\/es\/un-puente-entre-cataluna-y-camerun-negocios-solidaridad-y-un-sueno-compartido-en-etetak\/#primaryimage"},"thumbnailUrl":"https:\/\/etetak.org\/wp-content\/uploads\/2025\/05\/Imagen-de-WhatsApp-2025-05-13-a-las-16.39.48_864eb1f9.jpg","datePublished":"2025-05-13T14:44:04+00:00","dateModified":"2025-05-13T14:52:40+00:00","breadcrumb":{"@id":"https:\/\/etetak.org\/es\/un-puente-entre-cataluna-y-camerun-negocios-solidaridad-y-un-sueno-compartido-en-etetak\/#breadcrumb"},"inLanguage":"es","potentialAction":[{"@type":"ReadAction","target":["https:\/\/etetak.org\/es\/un-puente-entre-cataluna-y-camerun-negocios-solidaridad-y-un-sueno-compartido-en-etetak\/"]}]},{"@type":"ImageObject","inLanguage":"es","@id":"https:\/\/etetak.org\/es\/un-puente-entre-cataluna-y-camerun-negocios-solidaridad-y-un-sueno-compartido-en-etetak\/#primaryimage","url":"https:\/\/etetak.org\/wp-content\/uploads\/2025\/05\/Imagen-de-WhatsApp-2025-05-13-a-las-16.39.48_864eb1f9.jpg","contentUrl":"https:\/\/etetak.org\/wp-content\/uploads\/2025\/05\/Imagen-de-WhatsApp-2025-05-13-a-las-16.39.48_864eb1f9.jpg","width":1600,"height":1200},{"@type":"BreadcrumbList","@id":"https:\/\/etetak.org\/es\/un-puente-entre-cataluna-y-camerun-negocios-solidaridad-y-un-sueno-compartido-en-etetak\/#breadcrumb","itemListElement":[{"@type":"ListItem","position":1,"name":"Portada","item":"https:\/\/etetak.org\/es\/"},{"@type":"ListItem","position":2,"name":"Un puente entre Catalu\u00f1a y Camer\u00fan: negocios, solidaridad y un sue\u00f1o compartido en Etetak"}]},{"@type":"WebSite","@id":"https:\/\/etetak.org\/#website","url":"https:\/\/etetak.org\/","name":"etetak.org","description":"Educaci\u00f3 i Sanitat per a Etetak","publisher":{"@id":"https:\/\/etetak.org\/#organization"},"potentialAction":[{"@type":"SearchAction","target":{"@type":"EntryPoint","urlTemplate":"https:\/\/etetak.org\/?s={search_term_string}"},"query-input":{"@type":"PropertyValueSpecification","valueRequired":true,"valueName":"search_term_string"}}],"inLanguage":"es"},{"@type":"Organization","@id":"https:\/\/etetak.org\/#organization","name":"etetak.org","url":"https:\/\/etetak.org\/","logo":{"@type":"ImageObject","inLanguage":"es","@id":"https:\/\/etetak.org\/#\/schema\/logo\/image\/","url":"https:\/\/etetak.org\/wp-content\/uploads\/2024\/05\/logo.png","contentUrl":"https:\/\/etetak.org\/wp-content\/uploads\/2024\/05\/logo.png","width":1500,"height":503,"caption":"etetak.org"},"image":{"@id":"https:\/\/etetak.org\/#\/schema\/logo\/image\/"},"sameAs":["https:\/\/www.facebook.com\/etetak.org","https:\/\/www.instagram.com\/etetak_org\/"]},{"@type":"Person","@id":"https:\/\/etetak.org\/#\/schema\/person\/8b0b2906cb8e2bbbf2d1d4e54e189607","name":"arrova","sameAs":["http:\/\/etetak.org"],"url":"https:\/\/etetak.org\/es\/author\/arrova\/"}]}},"_links":{"self":[{"href":"https:\/\/etetak.org\/es\/wp-json\/wp\/v2\/posts\/420","targetHints":{"allow":["GET"]}}],"collection":[{"href":"https:\/\/etetak.org\/es\/wp-json\/wp\/v2\/posts"}],"about":[{"href":"https:\/\/etetak.org\/es\/wp-json\/wp\/v2\/types\/post"}],"author":[{"embeddable":true,"href":"https:\/\/etetak.org\/es\/wp-json\/wp\/v2\/users\/1"}],"replies":[{"embeddable":true,"href":"https:\/\/etetak.org\/es\/wp-json\/wp\/v2\/comments?post=420"}],"version-history":[{"count":2,"href":"https:\/\/etetak.org\/es\/wp-json\/wp\/v2\/posts\/420\/revisions"}],"predecessor-version":[{"id":431,"href":"https:\/\/etetak.org\/es\/wp-json\/wp\/v2\/posts\/420\/revisions\/431"}],"wp:featuredmedia":[{"embeddable":true,"href":"https:\/\/etetak.org\/es\/wp-json\/wp\/v2\/media\/422"}],"wp:attachment":[{"href":"https:\/\/etetak.org\/es\/wp-json\/wp\/v2\/media?parent=420"}],"wp:term":[{"taxonomy":"category","embeddable":true,"href":"https:\/\/etetak.org\/es\/wp-json\/wp\/v2\/categories?post=420"},{"taxonomy":"post_tag","embeddable":true,"href":"https:\/\/etetak.org\/es\/wp-json\/wp\/v2\/tags?post=420"}],"curies":[{"name":"wp","href":"https:\/\/api.w.org\/{rel}","templated":true}]}}